{"id":1161,"date":"2022-03-10T11:02:25","date_gmt":"2022-03-10T11:02:25","guid":{"rendered":"https:\/\/www.metef.com\/?p=1161"},"modified":"2022-03-10T11:07:45","modified_gmt":"2022-03-10T11:07:45","slug":"filiera-italiana-alluminio-crescita-nuove-strategie","status":"publish","type":"post","link":"https:\/\/www.metef.com\/it\/comunicati\/filiera-italiana-alluminio-crescita-nuove-strategie\/","title":{"rendered":"La filiera italiana dell\u2019alluminio cresce e punta a nuove strategie di sviluppo"},"content":{"rendered":"<h3><em>L\u201982% delle imprese della filiera intende avviare un percorso di crescita nei prossimi anni. I principali attori del settore torneranno a incontrarsi dal 9 all\u201911 giugno a METEF, che si svolger\u00e0 in contemporanea a MECSPE nel polo di BolognaFiere<\/em><\/h3>\n<hr \/>\n<p><em>Milano, 8 marzo 2022<\/em> \u2013 Dopo il grande recupero dell\u2019impiego in Italia dell\u2019alluminio, passato da 1,8 milioni di tonnellate nel 2020 a 2,2 milioni di tonnellate nel 2021, con un utilizzo pro capite tra i pi\u00f9 alti al mondo di 37 kg1, i dati dell\u2019Osservatorio MECSPE sul III quadrimestre 2021 confermano che per il 55% delle aziende della filiera dell\u2019alluminio2 questo trend verr\u00e0 mantenuto anche nel 2022. Si tratta di imprese soddisfatte e che puntano ad avviare un\u00a0 <strong>percorso di crescita<\/strong> nei prossimi anni (l\u201982%) attraverso operazioni di M&amp;A, l\u2019internazionalizzazione e l\u2019ampliamento della produzione.<\/p>\n<p>Al fine di approfondire le possibilit\u00e0 di sviluppo del settore in un contesto europeo e internazionale, i principali protagonisti della filiera dell\u2019alluminio si incontreranno a <strong>METEF<\/strong>, l\u2019expo internazionale per l\u2019industria dell\u2019alluminio, della fonderia e pressocolata, delle trasformazioni, lavorazioni, finiture ed usi finali, che si svolger\u00e0 a <strong>BolognaFiere dal 9 all\u201911 giugno 2022<\/strong>. La\u00a0 manifestazione, organizzata da <strong>Senaf<\/strong>, si terr\u00e0 in contemporanea a <strong>MECSPE<\/strong>, il pi\u00f9 importante appuntamento dedicato alle innovazioni per l\u2019industria manifatturiera.<\/p>\n<p>\u201c<em>L\u2019alluminio \u00e8 essenziale per lo sviluppo di un\u2019industria sempre pi\u00f9 sostenibile e orientata all\u2019economia circolare<\/em> \u2013 afferma <strong>Mario Conserva, presidente di\u00a0 METEF<\/strong> \u2013 <em>Nonostante l\u2019alto livello di importazioni in Europa, il fatturato\u00a0 complessivo in Italia conta un giro d\u2019affari di oltre 40 miliardi di euro, e ha grandi prospettive di crescita ulteriore nei prossimi anni, che cercheremo di raccontare e approfondire nella nuova edizione bolognese di METEF, con incontri e aree dimostrative orientate all\u2019innovazione tecnologica dell\u2019industria.<\/em>\u201d<\/p>\n<p>Da 25 anni METEF mette in luce le principali novit\u00e0 legate al settore del metallo leggero a livello internazionale, attraverso un fitto programma di convegni, eventi, iniziative speciali e attivit\u00e0 dimostrative. Tra le principali novit\u00e0 del 2022 spicca la cerimonia di premiazione della prima edizione del <strong>Premio Pressocolata Italia<\/strong>, promosso per la prima volta in maniera congiunta dalle associazioni AIM, Amafond, Assofond, e conferito da una giuria di esperti del settore. A vincere il premio saranno i getti pressocolati caratterizzati da un livello alto di <strong>innovazione<\/strong> dal punto di vista delle prestazioni, del design, delle dimensioni, della tecnica produttiva e dei contenuti di sostenibilit\u00e0 complessiva del getto.<\/p>\n<p>Inoltre, appuntamento imperdibile per la filiera sar\u00e0 la prima tappa del <em><strong>Convegno sull\u2019Alluminio Verde<\/strong><\/em> che si terr\u00e0 il 4 maggio nella sede di <strong>Confindustria Brescia<\/strong>, evento che riunir\u00e0 protagonisti e stakeholder del settore sulle caratteristiche uniche dell\u2019alluminio, considerato il \u201cmetallo del futuro\u201d in termini di flessibilit\u00e0 tecnologica, economia circolare ed ecosostenibilit\u00e0. Il convegno far\u00e0 poi tappa<strong> a Bologna<\/strong>, nell\u2019ambito di METEF, con un secondo appuntamento nel quale verranno illustrate, con\u00a0 testimonianze di altissimo livello, le principali qualit\u00e0 ed utilizzazioni\u00a0 dell\u2019alluminio ecosostenibile, di produzione primaria e secondaria.<\/p>\n<p>&nbsp;<\/p>\n<p><strong>A proposito di METEF<\/strong><\/p>\n<p>METEF, l\u2019expo internazionale per l\u2019alluminio, la fonderia metalli e le tecnologie dei materiali innovativi, lanciata per la prima volta in Italia nel 1997 da Alfin-Edimet, \u00e8 oggi nel portafoglio in joint venture paritaria di Veronafiere e BolognaFiere, si pone come un evento di punta del segmento metallurgico internazionale, attualizzato nella concezione, struttura e location. METEF, la cui organizzazione \u00e8 affidata a Senaf, si terr\u00e0 in contemporanea a MECSPE, evento di riferimento per l\u2019industria manifatturiera in Italia. Le novit\u00e0 organizzative e strutturali del nuovo METEF puntano a valorizzare, nel mercato globale, un comparto di straordinaria rilevanza sociale ed economica come quello della metallurgia e del manifatturiero avanzato del metallo leggero, un segmento che \u00e8 in grande sviluppo e che gi\u00e0 vale nel nostro paese, un fatturato per l\u2019intera filiera di oltre 40 miliardi di euro.<\/p>\n<p>&nbsp;<\/p>\n<hr \/>\n<p>&nbsp;<\/p>\n<p><strong>Per ulteriori informazioni<\/strong><\/p>\n<p><strong>Ufficio stampa<\/strong><\/p>\n<p><strong>MY PR \u2013\u00a0<\/strong><a href=\"http:\/\/www.mypr.it\/\">www.mypr.it<\/a><\/p>\n<p>Roberto Grattagliano \u2013 cell 338 9291793 e-mail\u00a0<a href=\"mailto:roberto.grattagliano@mypr.it\">roberto.grattagliano@mypr.it<\/a><\/p>\n<p>Caterina Conserva \u2013 cell 3401409543 e-mail\u00a0<a href=\"mailto:caterina.conserva@mypr.it\">caterina.conserva@mypr.it<\/a><\/p>\n<p>Giulia Pellecchia \u2013 cell 3738216219 e-mail\u00a0<a href=\"mailto:giulia.pellecchia@mypr.it\">giulia.pellecchia@mypr.it<\/a><\/p>\n","protected":false},"excerpt":{"rendered":"<p>L\u201982% delle imprese della filiera intende avviare un percorso di crescita nei prossimi anni. I principali attori del settore torneranno a incontrarsi dal 9 all\u201911 giugno a METEF, che si svolger\u00e0 in contemporanea a MECSPE nel polo di BolognaFiere Milano, 8 marzo 2022 \u2013 Dopo il grande recupero dell\u2019impiego in Italia dell\u2019alluminio, passato da 1,8 [&hellip;]<\/p>\n","protected":false},"author":12,"featured_media":1165,"comment_status":"closed","ping_status":"open","sticky":false,"template":"","format":"standard","meta":[],"categories":[12],"tags":[],"acf":[],"aioseo_notices":[],"_links":{"self":[{"href":"https:\/\/www.metef.com\/it\/wp-json\/wp\/v2\/posts\/1161"}],"collection":[{"href":"https:\/\/www.metef.com\/it\/wp-json\/wp\/v2\/posts"}],"about":[{"href":"https:\/\/www.metef.com\/it\/wp-json\/wp\/v2\/types\/post"}],"author":[{"embeddable":true,"href":"https:\/\/www.metef.com\/it\/wp-json\/wp\/v2\/users\/12"}],"replies":[{"embeddable":true,"href":"https:\/\/www.metef.com\/it\/wp-json\/wp\/v2\/comments?post=1161"}],"version-history":[{"count":1,"href":"https:\/\/www.metef.com\/it\/wp-json\/wp\/v2\/posts\/1161\/revisions"}],"predecessor-version":[{"id":1164,"href":"https:\/\/www.metef.com\/it\/wp-json\/wp\/v2\/posts\/1161\/revisions\/1164"}],"wp:featuredmedia":[{"embeddable":true,"href":"https:\/\/www.metef.com\/it\/wp-json\/wp\/v2\/media\/1165"}],"wp:attachment":[{"href":"https:\/\/www.metef.com\/it\/wp-json\/wp\/v2\/media?parent=1161"}],"wp:term":[{"taxonomy":"category","embeddable":true,"href":"https:\/\/www.metef.com\/it\/wp-json\/wp\/v2\/categories?post=1161"},{"taxonomy":"post_tag","embeddable":true,"href":"https:\/\/www.metef.com\/it\/wp-json\/wp\/v2\/tags?post=1161"}],"curies":[{"name":"wp","href":"https:\/\/api.w.org\/{rel}","templated":true}]}}