{"id":2299,"date":"2022-06-09T10:54:21","date_gmt":"2022-06-09T10:54:21","guid":{"rendered":"https:\/\/www.metef.com\/?p=2299"},"modified":"2022-06-17T14:08:33","modified_gmt":"2022-06-17T14:08:33","slug":"al-via-a-bolognafiere-mecspe-e-metef","status":"publish","type":"post","link":"https:\/\/www.metef.com\/it\/comunicati\/al-via-a-bolognafiere-mecspe-e-metef\/","title":{"rendered":"AL VIA A BOLOGNAFIERE MECSPE E METEF"},"content":{"rendered":"<h3><em><strong>Osservatorio MECSPE: manifattura, regge il primo quadrimestre e sono tanti gli imprenditori che puntano sulla crescita<\/strong><\/em><\/h3>\n<hr \/>\n<p><em>Inaugurate oggi MECSPE e METEF, le due fiere organizzate da Senaf a BolognaFiere fino all\u201911 giugno, con oltre 2.000 aziende presenti<\/em><\/p>\n<p><em>Milano, 09 giugno 2022<\/em> \u2013 Le sfide che il comparto industriale del nostro Paese si trova a dover fronteggiare in questo periodo sono molteplici, sia a causa delle crisi geopolitiche sia per le difficolt\u00e0 di approvvigionamento delle materie prime. Tuttavia, gli ultimi dati <strong>Istat<\/strong> registrano un <strong>+6,2% del Pil<\/strong> rispetto allo stesso periodo 2021 e non solo. A marzo <strong>cresce <\/strong>anche<strong> il fatturato<\/strong> dell\u2019industria (+21,4% rispetto a marzo 2021), toccando il livello pi\u00f9 alto di sempre. La manifattura italiana non si ferma dunque e, anzi, torna a incontrarsi in occasione della <strong>20\u00aa edizione <\/strong>di<strong> MECSPE \u2013 <\/strong>la fiera della manifattura e delle innovazioni tecnologiche per l\u2019industria<strong> \u2013<\/strong> e per la nuova edizione di <strong>METEF \u2013 <\/strong>l\u2019expo internazionale dell\u2019alluminio<strong> \u2013 <\/strong>entrambe organizzate da <strong>Senaf<\/strong>, in programma a <strong>BolognaFiere<\/strong> <strong>da oggi sino all\u201911 giugno<\/strong> con <strong>oltre 2.000 espositori<\/strong>.<\/p>\n<p>Nei primi mesi del 2022, l\u2019aumento dei <strong>costi dell\u2019energia<\/strong> e dei <strong>prezzi delle materie prime<\/strong> ha avuto un <strong>impatto<\/strong> da medio ad alto per <strong>l\u201988% delle pmi<\/strong> manifatturiere. Fortunatamente, finora, questa situazione sembra non aver influito in modo importante sul <strong>fatturato<\/strong> del I quadrimestre, in crescita per quasi sette imprenditori su dieci rispetto allo stesso periodo dello scorso anno, nemmeno sul <strong>portafoglio ordini<\/strong>, che risulta addirittura <strong>migliore<\/strong> dello scorso quadrimestre (il 78% lo ritiene adeguato), e sul livello di soddisfazione relativo dell&#8217;attuale andamento dell\u2019azienda, positivo per il 63%. Al contrario, i principali effetti riguardano l\u2019aumento dei <strong>prezzi del prodotto finito<\/strong> e i <strong>ritardi<\/strong> nelle consegne, oltre ad aver minato in parte il livello di fiducia sul mercato in generale (39% vs 48% di inizio anno) e soprattutto sullo scenario economico internazionale, crollato dal 35% al 17%.<\/p>\n<p>\u00c8 quanto emerge dall\u2019<strong>Osservatorio MECSPE<\/strong> di <strong>Senaf<\/strong> sul <strong>I quadrimestre 2022<\/strong><a href=\"#_ftn1\" name=\"_ftnref1\">[1]<\/a>, presentato oggi da <strong>Stefano Cattorini<\/strong>, Direttore generale del Competence Center BI-REX, durante il convegno inaugurale di MECSPE e METEF, a cui hanno preso parte anche <strong>xxx<\/strong>, Ministro dell\u2019Economia e delle Finanze, <strong>xxx<\/strong>, xxx di Confindustria,\u00a0 Vincenzo Colla, Assessore allo sviluppo economico della Regione Emilia Romagna, <strong>Giovanni Mantovani<\/strong>, Direttore Generale Veronafiere, <strong>Gianpiero Calzolari<\/strong>, Presidente BolognaFiere, e <strong>Ivo Nardella<\/strong>, Presidente Senaf &#8211; Gruppo Tecniche Nuove.<\/p>\n<p>Anche le prospettive per il <strong>futuro<\/strong>, che nei mesi scorsi erano pi\u00f9 rosee, sono comunque tendenzialmente positive. Il fatturato previsto a fine anno \u00e8 stabile o in crescita per l\u201980% delle imprese, anche se in calo rispetto alle previsioni di inizio anno (-9 p.p.). Stesso discorso per l\u2019andamento generale del mercato nei prossimi tre anni, dove solo un quinto prevede un calo. Si tratta di imprenditori che, nonostante tutto, non smettono di crederci e continuano a puntare sulla <strong>crescita<\/strong> gi\u00e0 nei prossimi due anni (71%), in termini di aumento dimensionale oppure ampliando la produzione in nuovi settori, o puntando sull\u2019internazionalizzazione. Quasi un quarto sta anche valutando entro i prossimi due anni operazioni di M&amp;A (acquisizioni e\/ fusioni).<\/p>\n<p>Ma per fare tutto questo sono necessarie determinate <strong>competenze<\/strong> e capacit\u00e0 al fine di avviare un importante percorso di trasformazione digitale, anche in vista della spinta che il <strong>PNRR<\/strong> potrebbe dare all\u2019economia del Paese. Oltre la met\u00e0 degli imprenditori ritiene che il bagaglio di competenze del personale sia in linea con le esigenze di crescita dell\u2019azienda e in particolare il 59% ha gi\u00e0 formato o assunto personale con formazione adeguata a fare fronte alla trasformazione 4.0 in azienda. Un dato tendenzialmente positivo ma con ampi margini di miglioramento. Ed \u00e8 proprio sulla formazione che i <strong>Competence Center<\/strong>, istituiti dal MISE con l\u2019obiettivo di supportare le imprese nella rivoluzione in chiave di Industria 4.0, , possono fornire un supporto prezioso per la crescita del comparto, anche se ad oggi sono ancora poco sfruttati dalle imprese (solo dall\u20198%).<\/p>\n<p>Sempre con uno sguardo alla crescita digitale, trainata specialmente dal 42% delle pmi, quali sono i principali investimenti in ambito tecnologico previsti per il 2022? Si registrano soprattutto quelli in <strong>sicurezza informatica<\/strong> (43%), nonostante solo il 18% dichiari di avere effettivamente gi\u00e0 subito un cyber attacco ai propri sistemi, la <strong>robotica collaborativa<\/strong> (26%) e il <strong>cloud computing<\/strong>.<\/p>\n<p>Toccando il tema del momento, ovvero l\u2019impatto dell\u2019industria sull\u2019ambiente, quattro aziende su dieci si dichiarano <strong>sostenibili<\/strong>, e in generale le pmi prestano grande attenzione all\u2019uso di <strong>dispositivi a basso consumo energetico<\/strong> (58%), all\u2019uso di <strong>macchinari efficienti e di nuova generazione<\/strong> (43%) e al riutilizzo di materiali di scarto in un\u2019ottica di <strong>economia circolare<\/strong> (28%).<\/p>\n<p><strong>Virgolettato Assessore Vincenzo Colla<\/strong><\/p>\n<p><strong>Virgolettato MEF<\/strong><\/p>\n<p><strong>Virgolettato Confindustria<\/strong><\/p>\n<p><strong>Virgolettato Gianpiero Calzolari<\/strong><\/p>\n<p><em>\u201cMECSPE e METEF si svolgono in un periodo in cui le aziende hanno bisogno di confrontarsi sulle innovazioni del settore per migliorare i propri processi in un\u2019ottica di digitalizzazione e sostenibilit\u00e0 e per cogliere le opportunit\u00e0 in vista dei fondi del PNRR che potrebbero dare una spinta a tutta l\u2019economia del Paese \u2013<\/em><strong>ha affermato Ivo Nardella, Presidente Senaf, Gruppo editoriale Tecniche Nuove<\/strong><em>\u2013 In questi anni l\u2019industria ha cambiato volto, oggi \u00e8 pi\u00f9 tecnologica e vicina ai giovani, cos\u00ec come il mercato, pi\u00f9 reattivo e globale, ed \u00e8 per questo che le competenze interne alle aziende devono essere adeguate per fare fronte a nuovi scenari in continua trasformazione. Con la nuova edizione abbiamo voluto dare ampio spazio alla formazione 4.0 per la fabbrica digitale, tema prioritario per la crescita delle imprese, grazie al supporto dei Competence Center istituiti dal MISE e alle tante aziende che hanno dato vita al cuore mostra MECSPE LIVE ACADEMY. In tutto questo la collaborazione con BolognaFiere ci ha consentito di affermarci sempre pi\u00f9 come evento internazionale di punta per tutta l\u2019industria.\u201d<\/em><\/p>\n<p><em>\u00a0<\/em><\/p>\n<p>&nbsp;<\/p>\n<p><strong>I numeri di MECSPE e METEF<\/strong><\/p>\n<p><strong>92.000 <\/strong>mq di superficie espositiva, <strong>2.000<\/strong> aziende presenti, <strong>2.000<\/strong> mq del Cuore Mostra <em>MECSPE LIVE ACADEMY<\/em>, <strong>16<\/strong> iniziative speciali e convegni.<\/p>\n<p><strong>\u00a0<\/strong><\/p>\n<p><strong>I saloni di MECSPE<\/strong><\/p>\n<p><strong>Macchine e Utensili<\/strong> \u2013 Macchine utensili, Attrezzature, Utensili e Software di progettazione;<strong> Macchine, materiali e lavorazioni<\/strong> <strong>della lamiera<\/strong> \u2013 Piegatura, Stampaggio, Taglio, Assemblaggio, Saldatura, Materiali e Software; <strong>Fabbrica Digitale<\/strong> \u2013 Informatica industriale, IoT, Sensoristica industriale, Cloud-manufacturing, Tecnologie di identificazione automatica, Applicazioni, dispositivi, strumentazione e componentistica intelligente per l\u2019interpretazione e l\u2019interconnessione dei processi; <strong>Logistica<\/strong> \u2013 Confezionamento, Imballaggio, Movimentazione, Material handling, Lean manufacturing, Software gestionale di magazzino, Supply chain management, Sistemi di Sicurezza, DPI, Terziarizzazione; <strong>Subfornitura Meccanica<\/strong> \u2013 Lavorazioni meccaniche di precisione, Carpenteria metallica, Costruzioni meccaniche, Fasteners, Fonderie, Minuterie, Lavorazioni del filo metallico, Lavorazioni industriali per conto terzi, Microlavorazioni; <strong>Subfornitura Elettronica <\/strong>\u2013\u00a0Cem (contract electronics manufacturer), Cablaggi, Ems (electronics manufacturing service), Pcb (produttori di circuiti stampati), Studi di Ingegneria e progettazione; <strong>Eurostampi<\/strong>, <strong>Macchine e subfornitura plastica, gomma e compositi<\/strong> \u2013 Lavorazione materie plastiche, gomma e compositi, Macchine e impianti, Attrezzature ausiliarie, Materiali innovativi, Stampaggio, Estrusione, Imballaggio, Soffiaggio, Stampi, Modelli, Componenti normalizzati per stampi, Design, Software di simulazione e progettazione, Microlavorazioni; <strong>Additive Manufacturing<\/strong> \u2013 Stampa 3D, Prototipazione Rapida, Rapid Manufacturing, \u00a0Sistemi e servizi per reverse engineering, Tecnologia additiva, Materiali, Servizi, Hardware: stampanti e scanner 3D, accessori, Software di simulazione e progettazione; <strong>Trattamenti e Finiture <\/strong>\u2013 Impianti per il trattamento delle superfici, Forni, Galvanica, Processi chimici ed elettronici, Lavaggio, Metallizzazione, Smaltatura, Zincatura, Prodotti e accessori per trattamenti, Trattamenti Termici, Verniciatura; <strong>Materiali non ferrosi e leghe <\/strong>\u2013 Lavorazioni di materiali non ferrosi (Alluminio, Titanio, Magnesio, Leghe Leggere), Pressofusioni, Fonderie, Lavorazioni industriali conto terzi, Tecnologie, Design, Engineering; <strong>Automazione e Robotica<\/strong> \u2013 Automazione e Robotica, Assemblaggio, Montaggio e manipolazione; <strong>Controllo e Qualit\u00e0<\/strong> \u2013 Certificazione e controllo della qualit\u00e0, Metrologia, Strumenti di misura, Prove di laboratorio, Taratura, Attrezzature di analisi, Visione; <strong>Power Drive <\/strong>\u2013 Organi di trasmissione meccanica, Oleodinamica, Pneumatica, Meccatronica, Controllo del movimento, Manutenzione, Aria compressa.<\/p>\n<p>Per ulteriori informazioni visitare il sito <a href=\"http:\/\/www.mecspe.com\">www.mecspe.com<\/a>.<\/p>\n<p>&nbsp;<\/p>\n<p><strong>LE AREE DI METEF<\/strong><\/p>\n<p><a href=\"https:\/\/tecnichenuove.mailmnsa.com\/nl\/web?h=1gd22ot77jk8ml8eprbgcqjn82&amp;i=3og&amp;iw=1&amp;s=gu&amp;sn=1uqb&amp;snm=k2cm&amp;url=https%3A%2F%2Ftecnichenuove.mailmnsa.com%2Fnl%2Fweb%3Fh%3D1s9q3ffegeu54c38h1mimodon8%26i%3D3og%26iw%3D1%26p%3DH465782815%26prw%3D1%26s%3Dgu%26sl%3Dita%26sn%3D1uqb%26url%3Dhttps%253A%252F%252Fwww.metef.com%252Fit%252Fle-aree-merceologiche%252F\">Materie prime<\/a><a href=\"https:\/\/tecnichenuove.mailmnsa.com\/nl\/web?h=31i92ik1u413ctobukgn8dngql&amp;i=3og&amp;iw=1&amp;s=gu&amp;sn=1uqb&amp;snm=k2cm&amp;url=https%3A%2F%2Ftecnichenuove.mailmnsa.com%2Fnl%2Fweb%3Fh%3Dn9n4fo6ap5gg9765pphq51eo2%26i%3D3og%26iw%3D1%26p%3DH465782816%26prw%3D1%26s%3Dgu%26sl%3Dita%26sn%3D1uqb%26url%3Dhttps%253A%252F%252Fwww.mecspe.com%252Fit%252Fsaloni-espositivi%252F\">|<\/a><a href=\"https:\/\/tecnichenuove.mailmnsa.com\/nl\/web?h=rabdj1q9233r1tkih5njnifr0&amp;i=3og&amp;iw=1&amp;s=gu&amp;sn=1uqb&amp;snm=k2cm&amp;url=https%3A%2F%2Ftecnichenuove.mailmnsa.com%2Fnl%2Fweb%3Fh%3D1vk8pjbb4em785f4tiu4btclfv%26i%3D3og%26iw%3D1%26p%3DH465782817%26prw%3D1%26s%3Dgu%26sl%3Dita%26sn%3D1uqb%26url%3Dhttps%253A%252F%252Fwww.metef.com%252Fit%252Fle-aree-merceologiche%252F\">Pressocolata<\/a><a href=\"https:\/\/tecnichenuove.mailmnsa.com\/nl\/web?h=1a7r8pfhlldrm3ao0e6lt8a27h&amp;i=3og&amp;iw=1&amp;s=gu&amp;sn=1uqb&amp;snm=k2cm&amp;url=https%3A%2F%2Ftecnichenuove.mailmnsa.com%2Fnl%2Fweb%3Fh%3D3s26gb86ng0up42cdgvjuhimp0%26i%3D3og%26iw%3D1%26p%3DH465782818%26prw%3D1%26s%3Dgu%26sl%3Dita%26sn%3D1uqb%26url%3Dhttps%253A%252F%252Fwww.metef.com%252Fit%252Fle-aree-merceologiche%252F\"> | Fonderia non Ferrosi | Fonderia Ferrosi | <\/a><a href=\"https:\/\/tecnichenuove.mailmnsa.com\/nl\/web?h=29famigp8isorr4c6pj7v3f61a&amp;i=3og&amp;iw=1&amp;s=gu&amp;sn=1uqb&amp;snm=k2cm&amp;url=https%3A%2F%2Ftecnichenuove.mailmnsa.com%2Fnl%2Fweb%3Fh%3Dqbve4k8ebdeaqgoeujh5urt83%26i%3D3og%26iw%3D1%26p%3DH465782819%26prw%3D1%26s%3Dgu%26sl%3Dita%26sn%3D1uqb%26url%3Dhttps%253A%252F%252Fwww.metef.com%252Fit%252Fle-aree-merceologiche%252F\">Estrusione <\/a><a href=\"https:\/\/tecnichenuove.mailmnsa.com\/nl\/web?h=1544drd35570n5c9ec3nicd40v&amp;i=3og&amp;iw=1&amp;s=gu&amp;sn=1uqb&amp;snm=k2cm&amp;url=https%3A%2F%2Ftecnichenuove.mailmnsa.com%2Fnl%2Fweb%3Fh%3D3mufltd6hski3ei4c4dtqjgd90%26i%3D3og%26iw%3D1%26p%3DH465782820%26prw%3D1%26s%3Dgu%26sl%3Dita%26sn%3D1uqb%26url%3Dhttps%253A%252F%252Fwww.metef.com%252Fit%252Fle-aree-merceologiche%252F\">| Laminazione | <\/a><a href=\"https:\/\/tecnichenuove.mailmnsa.com\/nl\/web?h=2akjsl4coqv3481l88tmpb82fs&amp;i=3og&amp;iw=1&amp;s=gu&amp;sn=1uqb&amp;snm=k2cm&amp;url=https%3A%2F%2Ftecnichenuove.mailmnsa.com%2Fnl%2Fweb%3Fh%3D7ruvakd02m2pbsm42pmaqr2f1%26i%3D3og%26iw%3D1%26p%3DH465782821%26prw%3D1%26s%3Dgu%26sl%3Dita%26sn%3D1uqb%26url%3Dhttps%253A%252F%252Fwww.metef.com%252Fit%252Fle-aree-merceologiche%252F\">Engineering e simulazione |<\/a><a href=\"https:\/\/tecnichenuove.mailmnsa.com\/nl\/web?h=2jppr6g6rsfrrh8jslp6ebrltq&amp;i=3og&amp;iw=1&amp;s=gu&amp;sn=1uqb&amp;snm=k2cm&amp;url=https%3A%2F%2Ftecnichenuove.mailmnsa.com%2Fnl%2Fweb%3Fh%3D3ok7olv4971sinirvkn5tqrvkd%26i%3D3og%26iw%3D1%26p%3DH465782843%26prw%3D1%26s%3Dgu%26sl%3Dita%26sn%3D1uqb%26url%3Dhttps%253A%252F%252Fwww.mecspe.com%252Fit%252Fsaloni-espositivi%252F\">Finiture e lavorazioni | Riciclo\u00a0<\/a><\/p>\n<p><strong>A proposito di METEF<\/strong><\/p>\n<p>METEF, l\u2019expo internazionale per l\u2019alluminio, la fonderia metalli e le tecnologie dei materiali innovativi, lanciata per la prima volta in Italia nel 1997 da Alfin-Edimet, \u00e8 oggi nel portafoglio in joint venture paritaria di Veronafiere e BolognaFiere, si pone come un evento di punta del segmento metallurgico internazionale, attualizzato nella concezione, struttura e location. METEF, la cui organizzazione \u00e8 affidata a Senaf, si terr\u00e0 in contemporanea a MECSPE, evento di riferimento per l\u2019industria manifatturiera in Italia. Le novit\u00e0 organizzative e strutturali del nuovo METEF puntano a valorizzare, nel mercato globale, un comparto di straordinaria rilevanza sociale ed economica come quello della metallurgia e del manifatturiero avanzato del metallo leggero, un segmento che \u00e8 in grande sviluppo e che gi\u00e0 vale nel nostro paese, un fatturato per l\u2019intera filiera di oltre 40 miliardi di euro.<\/p>\n<p>Per ulteriori informazioni visitare il sito <a href=\"http:\/\/www.metef.com\">www.metef.com<\/a><\/p>\n<p>&nbsp;<\/p>\n<p><strong>Per ulteriori informazioni<\/strong><\/p>\n<p><strong>Ufficio stampa<\/strong><\/p>\n<p><strong>MY PR &#8211; <\/strong><a href=\"http:\/\/www.mypr.it\/\">www.mypr.it<\/a><\/p>\n<p>Roberto Grattagliano \u2013 cell 338 9291793 e-mail <a href=\"mailto:roberto.grattagliano@mypr.it\">roberto.grattagliano@mypr.it<\/a><\/p>\n<p>Caterina Conserva \u2013 cell 3401409543 e-mail <a href=\"mailto:caterina.conserva@mypr.it\">caterina.conserva@mypr.it<\/a><\/p>\n<p><a href=\"#_ftnref1\" name=\"_ftn1\">[1]<\/a> <strong><u>Nota metodologica:<\/u><\/strong> l\u2019Osservatorio MECSPE \u00e8 stato condotto da GRS Ricerca e Strategia su un campione di 514 aziende italiane del manifatturiero italiano, utilizzando il metodo CAWI (Computer Assisted Web Interviewing).<\/p>\n<p>&nbsp;<\/p>\n","protected":false},"excerpt":{"rendered":"<p>Osservatorio MECSPE: manifattura, regge il primo quadrimestre e sono tanti gli imprenditori che puntano sulla crescita Inaugurate oggi MECSPE e METEF, le due fiere organizzate da Senaf a BolognaFiere fino all\u201911 giugno, con oltre 2.000 aziende presenti Milano, 09 giugno 2022 \u2013 Le sfide che il comparto industriale del nostro Paese si trova a dover [&hellip;]<\/p>\n","protected":false},"author":12,"featured_media":2310,"comment_status":"closed","ping_status":"open","sticky":false,"template":"","format":"standard","meta":[],"categories":[12],"tags":[],"acf":[],"aioseo_notices":[],"_links":{"self":[{"href":"https:\/\/www.metef.com\/it\/wp-json\/wp\/v2\/posts\/2299"}],"collection":[{"href":"https:\/\/www.metef.com\/it\/wp-json\/wp\/v2\/posts"}],"about":[{"href":"https:\/\/www.metef.com\/it\/wp-json\/wp\/v2\/types\/post"}],"author":[{"embeddable":true,"href":"https:\/\/www.metef.com\/it\/wp-json\/wp\/v2\/users\/12"}],"replies":[{"embeddable":true,"href":"https:\/\/www.metef.com\/it\/wp-json\/wp\/v2\/comments?post=2299"}],"version-history":[{"count":1,"href":"https:\/\/www.metef.com\/it\/wp-json\/wp\/v2\/posts\/2299\/revisions"}],"predecessor-version":[{"id":2304,"href":"https:\/\/www.metef.com\/it\/wp-json\/wp\/v2\/posts\/2299\/revisions\/2304"}],"wp:featuredmedia":[{"embeddable":true,"href":"https:\/\/www.metef.com\/it\/wp-json\/wp\/v2\/media\/2310"}],"wp:attachment":[{"href":"https:\/\/www.metef.com\/it\/wp-json\/wp\/v2\/media?parent=2299"}],"wp:term":[{"taxonomy":"category","embeddable":true,"href":"https:\/\/www.metef.com\/it\/wp-json\/wp\/v2\/categories?post=2299"},{"taxonomy":"post_tag","embeddable":true,"href":"https:\/\/www.metef.com\/it\/wp-json\/wp\/v2\/tags?post=2299"}],"curies":[{"name":"wp","href":"https:\/\/api.w.org\/{rel}","templated":true}]}}