{"id":2959,"date":"2023-04-17T08:07:27","date_gmt":"2023-04-17T08:07:27","guid":{"rendered":"https:\/\/www.metef.com\/?p=2959"},"modified":"2024-02-14T14:29:52","modified_gmt":"2024-02-14T14:29:52","slug":"chiusura-metef-summit","status":"publish","type":"post","link":"https:\/\/www.metef.com\/it\/news\/chiusura-metef-summit\/","title":{"rendered":"\u00a0A Bologna il primo Aluminium Energy Summit e i premi innovazione ad aziende virtuose."},"content":{"rendered":"[vc_row][vc_column][vc_column_text]\n<h3><em>Alluminio: Conserva, decisori salvaguardino approvvigionamento energetico e piano trasparente e sostenibile di decarbonizzazione<\/em><\/h3>\n<hr \/>\n<h4>A Bologna si \u00e8 svolto il primo Aluminium Energy Summit e con la consegna dei premi innovazione ad aziende virtuose.<\/h4>\n<p>Bologna 31\/03\/2023. Si \u00e8 svolto oggi, all&#8217;interno della Fiera MECSPE a Bologna, la prima edizione dell\u2019Aluminium Energy Summit, organizzato da Metef, la fiera internazionale per la filiera dell\u2019alluminio. La mattinata \u00e8 stata l\u2019occasione per affrontare insieme ad una platea di esperti e professionisti del settore il futuro dell\u2019alluminio anche alla luce della crisi energetica e della necessit\u00e0 di decarbonizzazione emersa negli ultimi anni.<br \/>\n\u201cL\u2019alluminio &#8211; ha spiegato Mario Conserva, presidente Metef aprendo l\u2019Aluminium Energy Summit\u201d &#8211; deve essere considerato un materiale strategico in Italia e in Europa. E\u2019 ecosostenibile, si usa ovunque, dalle auto gli imballaggi e rappresenta una importante filiera dai grandi contenuti tecnologici\u201d.<br \/>\nConserva, che lo scorso anno \u00e8 stato inserito nella lista delle 50 personalit\u00e0 nel mondo che pi\u00f9 hanno contribuito allo sviluppo dell\u2019alluminio si \u00e8 poi rivolto direttamente ai decisori istituzionali \u201ca cui chiediamo &#8211; ha spiegato &#8211; la salvaguardia dell\u2019approvvigionamento energetico e la chiara definizione di un piano di decarbonizzazione trasparente e sostenibile\u201d:<br \/>\nGiuseppe Toia, vice presidente Assomet (Associazione nazionale industrie metalli non ferrosi) ha sottolineato il valore dell\u2019alluminio grazie al suo riciclo elevatissimo soffermandosi poi sulla possibilit\u00e0 di raggiungere la completa decarbonizzazione \u201cche \u00e8 possibile &#8211; ha aggiunto &#8211; perch\u00e9 ci sono sia le competenze tecnologiche che le risorse finanziare ma \u00e8 necessario che vi sia da parte della politica un coordinamento di tutti questi elementi\u201d.<br \/>\nIl summit moderato da Gabriele Cirieco, fondatore e amministratore di Strategic Advice e coordinatore del Programma Alluminio per le Generazioni Future, ha visto anche la testimonianza di Mahmood Daylami segretario generale del GAC (Gulf Alluminium Council) che ha raccontato gli sviluppi nell\u2019area del Golfo nella produzione di alluminio da fonti rinnovabili e del professore della Luiss Cesare Pozzi che ha invece evidenziato la necessit\u00e0 di inserire l\u2019alluminio in un contesto economico pi\u00f9 ampio.<br \/>\nMauro Piasere, Chief Operating Officer della Business Line Robotics and Industrialized Solutions della societ\u00e0 Saipem ha illustrato le misure sostenibili che l\u2019azienda sta mettendo in campo nella produzione di energia mentre Claudio Palmieri, Energy Manager Hera, ha ricordato alla platea il valore dell\u2019alluminio dal punto di vista della riciclabilit\u00e0: \u201c che determina risparmi energetici enormi. Per questo &#8211; ha aggiunto &#8211; per scongiurare un percorso verso una decarbonizzazione disordinata e costosissima, le policy incentivanti dovrebbero implementare strumenti premianti per soluzioni integrate che vedano l\u2019efficienza energetica sempre in testa alle priorit\u00e0\u201d.<br \/>\nLa giornata si \u00e8 conclusa con la consegna da parte di Metef del premio innovazione 2023 a 6 aziende che si sono contraddistinte per soluzioni tecnologicamente avanzate nel mondo dell\u2019alluminio. Sono state premiate: Consorzio Intals-Fondmetal-Universit\u00e0 di Padova; St Powder Coatings Spa; ItalPresseGauss Spa; Comptech Rheocasting AB; Laminazione Sottile Group; Voestalpine High Performance Metals Italia Spa.<\/p>\n<p>Ufficio stampa<br \/>\n3383137890[\/vc_column_text][\/vc_column][\/vc_row]\n","protected":false},"excerpt":{"rendered":"<p>[vc_row][vc_column][vc_column_text] Alluminio: Conserva, decisori salvaguardino approvvigionamento energetico e piano trasparente e sostenibile di decarbonizzazione A Bologna si \u00e8 svolto il primo Aluminium Energy Summit e con la consegna dei premi innovazione ad aziende virtuose. Bologna 31\/03\/2023. Si \u00e8 svolto oggi, all&#8217;interno della Fiera MECSPE a Bologna, la prima edizione dell\u2019Aluminium Energy Summit, organizzato da Metef, [&hellip;]<\/p>\n","protected":false},"author":12,"featured_media":2960,"comment_status":"closed","ping_status":"open","sticky":false,"template":"","format":"standard","meta":[],"categories":[2],"tags":[],"acf":[],"aioseo_notices":[],"_links":{"self":[{"href":"https:\/\/www.metef.com\/it\/wp-json\/wp\/v2\/posts\/2959"}],"collection":[{"href":"https:\/\/www.metef.com\/it\/wp-json\/wp\/v2\/posts"}],"about":[{"href":"https:\/\/www.metef.com\/it\/wp-json\/wp\/v2\/types\/post"}],"author":[{"embeddable":true,"href":"https:\/\/www.metef.com\/it\/wp-json\/wp\/v2\/users\/12"}],"replies":[{"embeddable":true,"href":"https:\/\/www.metef.com\/it\/wp-json\/wp\/v2\/comments?post=2959"}],"version-history":[{"count":2,"href":"https:\/\/www.metef.com\/it\/wp-json\/wp\/v2\/posts\/2959\/revisions"}],"predecessor-version":[{"id":3536,"href":"https:\/\/www.metef.com\/it\/wp-json\/wp\/v2\/posts\/2959\/revisions\/3536"}],"wp:featuredmedia":[{"embeddable":true,"href":"https:\/\/www.metef.com\/it\/wp-json\/wp\/v2\/media\/2960"}],"wp:attachment":[{"href":"https:\/\/www.metef.com\/it\/wp-json\/wp\/v2\/media?parent=2959"}],"wp:term":[{"taxonomy":"category","embeddable":true,"href":"https:\/\/www.metef.com\/it\/wp-json\/wp\/v2\/categories?post=2959"},{"taxonomy":"post_tag","embeddable":true,"href":"https:\/\/www.metef.com\/it\/wp-json\/wp\/v2\/tags?post=2959"}],"curies":[{"name":"wp","href":"https:\/\/api.w.org\/{rel}","templated":true}]}}