{"id":316,"date":"2021-01-26T12:52:58","date_gmt":"2021-01-26T12:52:58","guid":{"rendered":"http:\/\/www.metef.com\/?p=316"},"modified":"2022-01-25T13:14:11","modified_gmt":"2022-01-25T13:14:11","slug":"savelli-technologies-origini","status":"publish","type":"post","link":"https:\/\/www.metef.com\/it\/news\/savelli-technologies-origini\/","title":{"rendered":"Savelli Technologies S.r.l. torna alle origini"},"content":{"rendered":"<h3 style=\"background: white;margin: 0cm 0cm 7.5pt 0cm\">K\u00fcttner Savelli S.r.l. ha recentemente cambiato denominazione sociale<\/h3>\n<hr \/>\n<p><span style=\"color: #e30613\"><strong><em>RITORNO ALLE ORIGINI<\/em><\/strong><\/span><\/p>\n<p><strong>K\u00fcttner\u00a0Savelli\u00a0S.r.l.\u00a0<\/strong>ha recentemente cambiato denominazione sociale, tornando a quella originaria\u00a0<a href=\"https:\/\/www.savelli.it\/?lang=it\" target=\"_blank\" rel=\"noopener\"><strong>Savelli\u00a0Technologies S.r.l<\/strong><strong>.<\/strong><\/a>\u00a0(SAVELLI\u00a0per l\u2019uso comune) per il nuovo assetto societario che vede il partner tedesco K\u00fcttner Holding GmbH &amp; Co. KG detenere il 50% delle sue azioni e la neocostituita Italiana\u00a0Savelli\u00a0Holding S.r.l. detenere il restante 50% delle azioni.<\/p>\n<p>&nbsp;<\/p>\n<p><span style=\"color: #e30613\"><strong><em>I SOCI E IL SUCCESSO<\/em><\/strong><\/span><\/p>\n<p>Tra i soci della\u00a0Savelli\u00a0Holding, Francesco e Paolo\u00a0Savelli, Maurizio Botticini, Mauro Boldi, Roberto Tura, Guido Glberti e la societ\u00e0 americana EMI di Cleveland, Ohio che svolge medesima attivit\u00e0 nel mercato nord americano. Tra i membri del nuovo CdA invece, emergono Francesco\u00a0Savelli\u00a0(Presidente del CdA e CEO), Maurizio Botticini (Vicepresidente e CTO), Karl Isken e Peter Weber (Consiglieri) in rappresentanza di K\u00fcttner.<\/p>\n<p>&nbsp;<\/p>\n<p><span style=\"color: #e30613\"><strong><em>LA NUOVA SEDE<\/em><\/strong><\/span><\/p>\n<p>Per i successi legati al marchio<strong>\u00a0SAVELLI<\/strong>, il logo dell&#8217;azienda torna ad essere quello originario (SAVELLI\u00a0dal 1842), gi\u00e0 registrato nei principali paesi strategici per l&#8217;industria della\u00a0<strong>Fonderia<\/strong>\u00a0come Brasile, Cina, Europa, India, Russia, Nord America e Corea del Sud.<\/p>\n<p>La sede legale di\u00a0<strong>SAVELLI\u00a0<\/strong>si \u00e8 appena trasferita dal centro di Brescia alla nuova sede di Rodengo Saiano, una decisione necessaria considerando tutte le commesse in corso in Corea del Sud, Italia, Russia e Svezia. La sede, pi\u00f9 ampia e meglio organizzata per accogliere le diverse delegazioni dei vari Paesi, \u00e8 ora pronta ad intraprendere nuovi progetti sempre pi\u00f9 impegnativi. Resta attivo invece il workshop di Flero (BS), in attesa del completamento del processo di unificazione con l&#8217;ampliamento del capannone della nuova sede.<\/p>\n<p>&nbsp;<\/p>\n<p><span style=\"color: #e30613\"><strong><em>SAVELLI TECHNOLOGIES<\/em><\/strong><\/span><\/p>\n<p>La\u00a0<strong>Savelli\u00a0Technologies<\/strong>\u00a0\u00e8 partita ad Aprile 2016 con un fatturato a fine anno di 5ML e circa una ventina di dipendenti per raggiungere il fatturato di 15Mln nel 2020 e 20Mln nel 2021 con una quarantina di dipendenti. Risultati di bilancio sempre positivi sin dall\u2019inizio, una societ\u00e0\u00a0 la Savelli soggetta all\u2019Audit e alla revisione di Deloitte &amp; Touche.<\/p>\n<p>In questo momento l&#8217;azienda \u00e8 imepgnata nella gestione di cantieri per installazione di impianti o per avviamenti di produzione per importanti commesse in Svezia (SCANIA-Volkswagen), in Russia (KSM e Altaivagon) e in Corea del Sud (Hyundai Sungwoo).<\/p>\n<p>Le difficolt\u00e0 generate e legate alle misure restrittive e preventive causate dalla pandemia da Covid-19 hanno messo a dura prova interi settori, tuttora la Savelli Technologies sta lavorando in Russia e in Svezia con diverse difficolt\u00e0 e complicazioni, sostenendo ingenti spese senza l&#8217;auspicato aiuto da parte di chi \u00e8 al Governo.<\/p>\n","protected":false},"excerpt":{"rendered":"<p>K\u00fcttner Savelli S.r.l. ha recentemente cambiato denominazione sociale RITORNO ALLE ORIGINI K\u00fcttner\u00a0Savelli\u00a0S.r.l.\u00a0ha recentemente cambiato denominazione sociale, tornando a quella originaria\u00a0Savelli\u00a0Technologies S.r.l.\u00a0(SAVELLI\u00a0per l\u2019uso comune) per il nuovo assetto societario che vede il partner tedesco K\u00fcttner Holding GmbH &amp; Co. KG detenere il 50% delle sue azioni e la neocostituita Italiana\u00a0Savelli\u00a0Holding S.r.l. detenere il restante 50% delle [&hellip;]<\/p>\n","protected":false},"author":12,"featured_media":317,"comment_status":"closed","ping_status":"open","sticky":false,"template":"","format":"standard","meta":[],"categories":[2],"tags":[],"acf":[],"aioseo_notices":[],"_links":{"self":[{"href":"https:\/\/www.metef.com\/it\/wp-json\/wp\/v2\/posts\/316"}],"collection":[{"href":"https:\/\/www.metef.com\/it\/wp-json\/wp\/v2\/posts"}],"about":[{"href":"https:\/\/www.metef.com\/it\/wp-json\/wp\/v2\/types\/post"}],"author":[{"embeddable":true,"href":"https:\/\/www.metef.com\/it\/wp-json\/wp\/v2\/users\/12"}],"replies":[{"embeddable":true,"href":"https:\/\/www.metef.com\/it\/wp-json\/wp\/v2\/comments?post=316"}],"version-history":[{"count":2,"href":"https:\/\/www.metef.com\/it\/wp-json\/wp\/v2\/posts\/316\/revisions"}],"predecessor-version":[{"id":320,"href":"https:\/\/www.metef.com\/it\/wp-json\/wp\/v2\/posts\/316\/revisions\/320"}],"wp:featuredmedia":[{"embeddable":true,"href":"https:\/\/www.metef.com\/it\/wp-json\/wp\/v2\/media\/317"}],"wp:attachment":[{"href":"https:\/\/www.metef.com\/it\/wp-json\/wp\/v2\/media?parent=316"}],"wp:term":[{"taxonomy":"category","embeddable":true,"href":"https:\/\/www.metef.com\/it\/wp-json\/wp\/v2\/categories?post=316"},{"taxonomy":"post_tag","embeddable":true,"href":"https:\/\/www.metef.com\/it\/wp-json\/wp\/v2\/tags?post=316"}],"curies":[{"name":"wp","href":"https:\/\/api.w.org\/{rel}","templated":true}]}}