{"id":4318,"date":"2024-07-19T07:40:32","date_gmt":"2024-07-19T07:40:32","guid":{"rendered":"https:\/\/www.metef.com\/?p=4318"},"modified":"2024-07-19T08:14:32","modified_gmt":"2024-07-19T08:14:32","slug":"efficienza-energetica-decarbonizzazione-alluminio-sostenibilita","status":"publish","type":"post","link":"https:\/\/www.metef.com\/it\/comunicati\/efficienza-energetica-decarbonizzazione-alluminio-sostenibilita\/","title":{"rendered":"Efficienza energetica e decarbonizzazione fondamentali per la filiera dell\u2019alluminio, che ricomincia a crescere puntando sulla sostenibilit\u00e0."},"content":{"rendered":"[vc_row][vc_column][vc_column_text]\n<h3>Dal 5 al 7 marzo a Bologna torna METEF, l\u2019expo internazionale per l\u2019alluminio, volto a evidenziare le nuove opportunit\u00e0 per il comparto e offrire occasioni per diversificare il proprio business.<\/h3>\n<h5>Nel 2024 segnali di ripresa aprono le porte a nuove opportunit\u00e0 per la filiera dell\u2019alluminio: il Focus alluminio dell\u2019Osservatorio MECSPE evidenzia che il portafoglio ordini \u00e8 adeguato per il 67% delle aziende del comparto, con un buon livello di soddisfazione per oltre 8 imprenditori su 10.<\/h5>\n<h5>La 13\u00aa edizione di METEF si terr\u00e0 a BolognaFiere dal 5 al 7 marzo 2025, in contemporanea a MECSPE, la fiera di riferimento per l\u2019industria manifatturiera, con un\u2019offerta per il visitatore pi\u00f9 ampia e completa.<\/h5>\n<hr \/>\n<p><em>Milano, 10 luglio 2024<\/em> \u2013 Dopo un periodo che ha visto il comparto affrontare diverse sfide, l&#8217;industria dell&#8217;alluminio sta mostrando segnali incoraggianti di ripresa. I dati del 2024 rivelano, infatti, un quadro positivo: l&#8217;indice degli ordini dei laminati ha registrato un <strong>incremento rispetto all\u2019anno precedente del 25,4% sul mercato nazionale e del 6,8% su quello estero<\/strong>. Parallelamente, il comparto degli estrusi ha visto un aumento degli ordini del 28,4% a livello interno e un impressionante +42,4% per l&#8217;export.<br \/>\nCon l\u2019obiettivo di <strong>monitorare i trend della filiera dell\u2019alluminio<\/strong>, l\u2019Osservatorio MECSPE dedica un focus a questo settore e i <strong>dati rilevati, relativi al I quadrimestre<\/strong>, mostrano un portafoglio ordini adeguato per il 67% delle imprese e un salto in avanti rispetto al precedente 60%, confermando l\u2019andamento positivo del settore. In aumento anche la soddisfazione, indicata da media ad alta da oltre 8 imprenditori su 10 e la volont\u00e0 di crescita: <strong>il 69% delle imprese ha in programma una crescita entro i prossimi due anni<\/strong>.<br \/>\nQuesti numeri non solo indicano una robusta ripresa, ma preannunciano anche un <strong>potenziale periodo di crescita<\/strong> nella seconda met\u00e0 dell&#8217;anno, che vedr\u00e0 anche l\u2019approvazione del <strong>Piano Transizione 5.0<\/strong> del MIMIT e dar\u00e0 accesso alle imprese italiane a nuovi incentivi in ottica di transizione ecologica.<\/p>\n<p>In questo contesto di rinnovato dinamismo, <strong>dal 5 al 7 marzo 2025, BolognaFiere<\/strong> ospiter\u00e0 la <strong>13\u00aa edizione di METEF<\/strong>, l&#8217;expo internazionale di riferimento in Italia per la filiera dell&#8217;alluminio organizzata da <strong>Senaf<\/strong>. L&#8217;evento, che si svolger\u00e0 in contemporanea con MECSPE, la principale fiera per l\u2019industria manifatturiera, si prepara a essere una vetrina senza precedenti per le innovazioni e le sfide del settore, soprattutto in ottica di sostenibilit\u00e0. METEF metter\u00e0 in luce lo sviluppo dell\u2019industria attraverso uno straordinario patrimonio di cultura che deve misurarsi con le nuove frontiere della tecnologia e le nuove sfide dell\u2019innovazione sostenibile.<br \/>\nProprio su questo tema, l\u2019<strong>Osservatorio MECSPE<\/strong> ha messo in risalto come il comparto dell\u2019alluminio si stia gi\u00e0 adoperando per implementare azioni virtuose in termini di sostenibilit\u00e0. Tra le azioni maggiormente intraprese vi sono l\u2019utilizzo di dispositivi a <strong>basso consumo energetico (64%)<\/strong>, l\u2019acquisto di macchinari e\/o<strong> impianti efficienti di nuova generazione (50%)<\/strong> e l\u2019installazione di impianti di <strong>produzione d\u2019energia elettrica e termica da fonti rinnovabili (40%)<\/strong>. Queste sono solo alcune delle iniziative sviluppate dalle aziende del settore che si ritengono sostenibili o abbastanza sostenibili (33%) e di quelle mediamente sostenibili (48%) che si stanno impegnando per lavorare sempre pi\u00f9 per ridurre il loro impatto sull\u2019ambiente.<\/p>\n<p>Con una storia di oltre 140 anni in Italia, la filiera dell&#8217;alluminio continua a evolversi, e METEF si posiziona come <strong>piattaforma essenziale per esplorare le nuove frontiere della sostenibilit\u00e0 e dell&#8217;efficienza energetica nel mondo dell\u2019alluminio<\/strong>. La manifestazione offrir\u00e0 una panoramica completa del settore, dalla produzione del grezzo alle trasformazioni intermedie, dalla fonderia all&#8217;estrusione, dalla pressocolata alla laminazione, fino alle lavorazioni, finiture e al sistema di riciclo. Quest\u2019ultimo \u00e8 un settore in cui l\u2019Italia eccelle: se pensiamo infatti al solo comparto degli imballaggi di alluminio, come riportano i dati di <strong>CiAl<\/strong>, nel 2023 \u00e8 stata raggiunta una percentuale di riciclo del <strong>70,3% sul totale dell\u2019immesso sul mercato<\/strong>.<\/p>\n<p>La sostenibilit\u00e0 e la transizione ecologica saranno anche al centro del ricco programma di METEF 2025, grazie a importanti iniziative come la terza edizione dell&#8217;<em><strong>Aluminium Energy Summit<\/strong><\/em>. Evento chiave all&#8217;interno della fiera, il convegno riunir\u00e0 esperti e leader dell&#8217;industria per discutere strategie di <strong>decarbonizzazione ed efficienza energetica<\/strong>. METEF sar\u00e0 la piattaforma ideale per un confronto tra gli attori del sistema, che avranno modo di presentare le ultime innovazioni e best practice del settore.<br \/>\nUna riconferma in questa edizione saranno anche i <strong>METEF Awards 2025<\/strong>, evento di premiazione per le aziende che si saranno distinte per soluzioni tecnologicamente avanzate nella gestione del processo lungo tutta la filiera, oltre alla premiazione nella <strong>nuova categoria \u201cClosing the STEM Gap\u201d<\/strong> volta a promuovere l\u2019accesso femminile nel settore dell\u2019alluminio.<\/p>\n<p>Un&#8217;attenzione particolare sar\u00e0 poi dedicata al ruolo cruciale dell&#8217;alluminio nella mobilit\u00e0 elettrica, grazie alla presentazione delle ricadute industriali di <em><strong>SALEMA<\/strong><\/em>, un progetto finanziato dall\u2019Unione Europea ideato per produrre nuove leghe di alluminio con un contenuto minimo di materie prime critiche (Critical Raw Material) integrando il riciclaggio dei rottami metallici. Nelle automobili prodotte su larga scala, il 15% di tutte le parti \u00e8 realizzato in alluminio, <strong>mentre nella filiera dei veicoli elettrici questa percentuale supera il 50%<\/strong>, ed \u00e8 in continua crescita.<\/p>\n<p>METEF offrir\u00e0 ai visitatori l&#8217;opportunit\u00e0 unica di esplorare queste innovazioni, comprendere le sfide a venire e <strong>partecipare attivamente alla definizione del futuro sostenibile dell&#8217;industria dell&#8217;alluminio<\/strong>.<\/p>\n<p>Si preannuncia cos\u00ec un evento imperdibile per tutti gli operatori del settore, che offrir\u00e0 occasioni uniche di networking, di aggiornamento tecnologico e di diversificazione del business. In un contesto di rinnovata fiducia e crescita del mercato, la fiera sar\u00e0 il punto d&#8217;incontro per chi vuole essere protagonista della nuova era dell&#8217;alluminio: pi\u00f9 verde, pi\u00f9 efficiente e pi\u00f9 innovativa che mai.[\/vc_column_text][\/vc_column][\/vc_row][vc_row css=&#8221;.vc_custom_1721374277745{background-color: rgba(221,51,51,0.1) !important;*background-color: rgb(221,51,51) !important;}&#8221;][vc_column][vc_column_text]<em>\u201cMETEF 2025 arriva in un momento cruciale per il settore. I segnali di ottimismo che stiamo registrando sono il sintomo di una trasformazione in atto. La filiera dell\u2019alluminio sta giocando un ruolo sempre pi\u00f9 centrale nella transizione verso un&#8217;economia circolare, e la nostra fiera sar\u00e0 il palcoscenico dove questa evoluzione prender\u00e0 forma concreta.<\/em> \u2013 commenta <strong>Rossano Bozzi<\/strong>, <strong>Amministratore Unico di METEF<\/strong> \u2013 <em>La riduzione dell&#8217;impronta di CO2 nell&#8217;intero ciclo dell&#8217;alluminio \u00e8 non solo una sfida, ma un&#8217;opportunit\u00e0 concreta che richiede la collaborazione di tutti gli attori della filiera: dalla fonderia ai fornitori di impianti e macchine, dal sistema di selezione del rottame ai policy makers, dai produttori di energia ai fornitori di soluzioni digitali. Stiamo lavorando per mostrare al mondo come innovazione e sostenibilit\u00e0 possano andare di pari passo nel nostro settore, grazie anche alla fondamentale sinergia con MECSPE, che arricchir\u00e0 l\u2019esperienza della fiera offrendo una gamma di soluzioni e prodotti ancora pi\u00f9 ampia e completa\u201d.<\/em>[\/vc_column_text][\/vc_column][\/vc_row][vc_row][vc_column][vc_separator color=&#8221;custom&#8221; accent_color=&#8221;#e30613&#8243;][vc_column_text]<strong>Per ulteriori informazioni<\/strong><\/p>\n<p><strong>Ufficio stampa<br \/>\n<\/strong><strong>MY PR &#8211; <\/strong><a href=\"http:\/\/www.mypr.it\/\">www.mypr.it<\/a><\/p>\n<p>Arianna Bonfioli \u2013 cell 335 6111390 e-mail <a href=\"mailto:fabio.micali@mypr.it\">arianna.bonfioli@mypr.it<\/a><br \/>\nStefania Bonetti \u2013 cell 340 2513708 e-mail <a href=\"mailto:stefania.bonetti@mypr.it\">stefania.bonetti@mypr.it<\/a>[\/vc_column_text][\/vc_column][\/vc_row]\n","protected":false},"excerpt":{"rendered":"<p>[vc_row][vc_column][vc_column_text] Dal 5 al 7 marzo a Bologna torna METEF, l\u2019expo internazionale per l\u2019alluminio, volto a evidenziare le nuove opportunit\u00e0 per il comparto e offrire occasioni per diversificare il proprio business. Nel 2024 segnali di ripresa aprono le porte a nuove opportunit\u00e0 per la filiera dell\u2019alluminio: il Focus alluminio dell\u2019Osservatorio MECSPE evidenzia che il portafoglio [&hellip;]<\/p>\n","protected":false},"author":12,"featured_media":4319,"comment_status":"closed","ping_status":"open","sticky":false,"template":"","format":"standard","meta":[],"categories":[12],"tags":[],"acf":[],"aioseo_notices":[],"_links":{"self":[{"href":"https:\/\/www.metef.com\/it\/wp-json\/wp\/v2\/posts\/4318"}],"collection":[{"href":"https:\/\/www.metef.com\/it\/wp-json\/wp\/v2\/posts"}],"about":[{"href":"https:\/\/www.metef.com\/it\/wp-json\/wp\/v2\/types\/post"}],"author":[{"embeddable":true,"href":"https:\/\/www.metef.com\/it\/wp-json\/wp\/v2\/users\/12"}],"replies":[{"embeddable":true,"href":"https:\/\/www.metef.com\/it\/wp-json\/wp\/v2\/comments?post=4318"}],"version-history":[{"count":2,"href":"https:\/\/www.metef.com\/it\/wp-json\/wp\/v2\/posts\/4318\/revisions"}],"predecessor-version":[{"id":4328,"href":"https:\/\/www.metef.com\/it\/wp-json\/wp\/v2\/posts\/4318\/revisions\/4328"}],"wp:featuredmedia":[{"embeddable":true,"href":"https:\/\/www.metef.com\/it\/wp-json\/wp\/v2\/media\/4319"}],"wp:attachment":[{"href":"https:\/\/www.metef.com\/it\/wp-json\/wp\/v2\/media?parent=4318"}],"wp:term":[{"taxonomy":"category","embeddable":true,"href":"https:\/\/www.metef.com\/it\/wp-json\/wp\/v2\/categories?post=4318"},{"taxonomy":"post_tag","embeddable":true,"href":"https:\/\/www.metef.com\/it\/wp-json\/wp\/v2\/tags?post=4318"}],"curies":[{"name":"wp","href":"https:\/\/api.w.org\/{rel}","templated":true}]}}