{"id":4558,"date":"2024-10-31T09:48:13","date_gmt":"2024-10-31T09:48:13","guid":{"rendered":"https:\/\/www.metef.com\/?p=4558"},"modified":"2024-11-04T10:03:17","modified_gmt":"2024-11-04T10:03:17","slug":"settore-alluminio-appuntamento-metef-marzo","status":"publish","type":"post","link":"https:\/\/www.metef.com\/it\/comunicati\/settore-alluminio-appuntamento-metef-marzo\/","title":{"rendered":"Alluminio: il settore si d\u00e0 appuntamento a METEF il prossimo marzo per unire le sinergie e dare nuova enfasi al comparto"},"content":{"rendered":"[vc_row][vc_column][vc_column_text]\n<h3>Alluminio: il settore si d\u00e0 appuntamento a METEF il prossimo marzo per unire le sinergie e dare nuova enfasi al comparto<\/h3>\n<h5>METEF ritorna dal 5 al 7 marzo 2025 a BolognaFiere per proporre soluzioni per le produzioni, le lavorazioni e le applicazioni dell\u2019alluminio e spingere lo sviluppo del comparto;<\/h5>\n<h5>I dati dei primi nove mesi del 2024 dei laminati evidenziano un aumento della produzione dell\u20198%, con una stima della produzione dell\u2019anno di circa 560mila tonnellate;<\/h5>\n<h5>Temi centrali della manifestazione saranno la sostenibilit\u00e0 ambientale e quella energetica, sfide che incalzano il settore ma che non riescono a scoraggiare gli imprenditori: pi\u00f9 di 7 su 10 dichiarano un livello di fiducia da medio a molto alto.<\/h5>\n<hr \/>\n<p><em>Milano, 31 ottobre 2024<\/em> \u2013 In un contesto globale di accesa competitivit\u00e0 ed in un momento di importanti sfide internazionali, il settore dell\u2019alluminio si prepara per ritrovarsi a <strong>METEF, <\/strong>la fiera internazionale di riferimento per la filiera dell&#8217;alluminio organizzata da <strong>Senaf<\/strong>, presso <strong>BolognaFiere dal 5 al 7 marzo 2025<\/strong>. La <strong>13\u00aa edizione di METEF, <\/strong>che si terr\u00e0 in contemporanea con la fiera dell\u2019industria manifatturiera <strong>MECSPE, <\/strong>torna a Bologna puntando sulla consolidata competenza ed esperienza del segmento industriale, per incentivare lo sviluppo dell\u2019industria attraverso uno straordinario patrimonio di cultura che, ad oggi, si deve misurare con nuove esigenze di sostenibilit\u00e0 e di efficienza produttiva.<\/p>\n<p>Dopo un 2023 che ha visto un rallentamento del settore, il <strong>2024 \u00e8 ripartito in ripresa per quanto riguarda i laminati:<\/strong> la produzione di questi nei <strong>primi nove mesi dell\u2019anno \u00e8 aumentata dell\u20198%<\/strong> e le previsioni per l\u2019ultimo trimestre <strong>non sembrano posizionarsi su variazioni diverse<\/strong>. La <strong>stima della produzione 2024 \u00e8 di circa 560mila tonnellate,<\/strong> con un consumo apparente nazionale poco pi\u00f9 basso, grazie ad un valore delle esportazioni superiore rispetto alle importazioni. Il <strong>commercio estero<\/strong> di laminati italiani risulta anch\u2019esso in aumento nel primo semestre 2024: <strong>+5,3% per le importazioni e +14,3% per le esportazioni.<a href=\"#_ftn1\" name=\"_ftnref1\">[1]<\/a><\/strong> Lo scenario delineato da questi dati ha visto crescere anche la fiducia degli imprenditori del settore; secondo l\u2019analisi dell\u2019Osservatorio MECSPE, infatti, pi\u00f9 di <strong>7 imprenditori su 10 dichiarano un livello di fiducia nel comparto da medio a molto alto<a href=\"#_ftn2\" name=\"_ftnref2\">[2]<\/a>.<\/strong><\/p>\n<p>I dati positivi evidenziano la volont\u00e0 di crescita del comparto che non vuole rallentare nonostante le sfide internazionali e di sostenibilit\u00e0 energetica che si stanno facendo sempre pi\u00f9 incalzanti. Proprio in questo senso, METEF si prepara a essere una <strong>vetrina senza precedenti per proporre nuove soluzioni e best practice<\/strong> che possano aiutare gli imprenditori a cavalcare le <strong>innovazioni e le opportunit\u00e0 del settore, soprattutto in ottica di sostenibilit\u00e0. <\/strong>Elemento che ha guadagnato ampio spazio anche grazie all\u2019approvazione del <strong>Piano Transizione 5.0<\/strong> del MIMIT approvato lo scorso agosto e che garantisce l\u2019accesso a nuovi incentivi in ottica di transizione ecologica a tutta la filiera.<\/p>\n<p>METEF offre un palcoscenico ideale per favorire il dialogo tra i diversi attori della filiera: produttori di materia prima, fornitori di tecnologie, produttori di semilavorati e, soprattutto, la fondamentale partecipazione delle principali associazioni nazionali e internazionali del settore. In particolare, il cuore della prossima edizione di METEF sar\u00e0 senz\u2019altro l\u2019<strong><em>Aluminium Energy Summit<\/em><\/strong>. L\u2019evento di successo, giunto alla sua terza edizione, si pone l\u2019obiettivo di indagare le best practice e soluzioni innovative in ambito alluminio, grazie agli interventi di importanti esponenti del settore. Un palinsesto ricco di spunti che vuole illustrare i benefici di questo materiale potente e indispensabile a tutti gli attori dell\u2019industria manifatturiera, e restituire al comparto soluzioni concrete per ridurre l\u2019impronta di CO2 lungo tutta la filiera dell\u2019alluminio.[\/vc_column_text][\/vc_column][\/vc_row][vc_row css=&#8221;.vc_custom_1721374277745{background-color: rgba(221,51,51,0.1) !important;*background-color: rgb(221,51,51) !important;}&#8221;][vc_column][vc_row_inner][vc_column_inner][vc_column_text]<em>\u201cMETEF si pone l\u2019obiettivo di posizionarsi come momento ad alto valore aggiunto per la filiera. <\/em>&#8211;\u00a0Afferma <strong>Rossano Bozzi, di METEF<\/strong> &#8211; <em>METEF 2025 sar\u00e0 il primo appuntamento di questo percorso \u00a0di cambiamento per la community dell&#8217;alluminio. In un contesto globale sempre pi\u00f9 competitivo, la sostenibilit\u00e0 \u00e8 diventata una priorit\u00e0 assoluta, e la nostra fiera offrir\u00e0 un&#8217;interessante panoramica delle soluzioni pi\u00f9 innovative per ridurre il consumo energetico e ottimizzare i processi produttivi. Stiamo lavorando \u00a0con tutti gli attori della filiera per costruire un futuro pi\u00f9 sostenibile, efficiente e innovativo per l&#8217;industria dell&#8217;alluminio<\/em><em>\u201d.<\/em>[\/vc_column_text][\/vc_column_inner][\/vc_row_inner][\/vc_column][\/vc_row][vc_row][vc_column][vc_column_text]<strong>La prossima edizione di METEF si terr\u00e0 dal 5 al 7 marzo 2025 in concomitanza con MECSPE.<\/strong><\/p>\n<p><strong>A proposito di METEF<\/strong><\/p>\n<p>La fiera METEF rappresenta da 25 anni in Italia l&#8217;unico punto di riferimento della filiera industriale dell\u2019alluminio: dai materiali grezzi, primari e provenienti dal riciclo, alle macchine, attrezzature, impianti di produzione e trasformazione, ai prodotti semilavorati, getti e prodotti finiti nei settori della pressocolata, fonderia a gravit\u00e0 e bassa pressione, estrusione, laminazione e stampaggio, fino alle lavorazioni meccaniche, assemblaggi, finiture e alle tecnologie per il riciclo.<\/p>\n<p><strong>METEF <\/strong>\u00e8 un appuntamento creato e modellato <strong>in stretta collaborazione con le imprese e gli addetti ai lavori <\/strong>e oggi, in un contesto globale di accesa competitivit\u00e0, si ripropone puntando sulla consolidata competenza ed esperienza del segmento industriale.<\/p>\n<p>Come di tradizione, \u00e8 rafforzato dall\u2019insostituibile supporto delle <strong>principali associazioni nazionali e internazionali <\/strong>di settore, per riportare al centro dell\u2019attenzione lo sviluppo dell\u2019industria attraverso uno straordinario patrimonio di cultura che deve misurarsi con <strong>le nuove frontiere della tecnologia e le nuove sfide dell\u2019innovazione sostenibile<\/strong>.<\/p>\n<p>METEF, la cui organizzazione \u00e8 affidata a Senaf, si terr\u00e0 in contemporanea a MECSPE, evento Senaf di riferimento per l\u2019industria manifatturiera in Italia. Le due manifestazioni saranno collocate in padiglioni distinti ma contigui per sviluppare sinergie e per il raggiungimento di comuni obiettivi. Alleanza forte tra due eventi ben conosciuti e consolidati nei rispettivi mercati di riferimento, complementarit\u00e0 e completezza della gamma prodotti offerti con l\u2019obiettivo di proporre al visitatore un\u2019esperienza completa e imperdibile.<\/p>\n<p>Per ulteriori informazioni visitare il sito <a href=\"http:\/\/www.metef.com\/it\">www.metef.com\/it<\/a>[\/vc_column_text][\/vc_column][\/vc_row][vc_row][vc_column][vc_separator color=&#8221;custom&#8221; accent_color=&#8221;#e30613&#8243;][vc_column_text]<strong>Per ulteriori informazioni<\/strong><\/p>\n<p><strong>Ufficio stampa<br \/>\n<\/strong><strong>MY PR &#8211; <\/strong><a href=\"http:\/\/www.mypr.it\/\">www.mypr.it<\/a><\/p>\n<p>Arianna Bonfioli \u2013 cell 335 6111390 e-mail <a href=\"mailto:fabio.micali@mypr.it\">arianna.bonfioli@mypr.it<\/a><br \/>\nStefania Bonetti \u2013 cell 340 2513708 e-mail <a href=\"mailto:stefania.bonetti@mypr.it\">stefania.bonetti@mypr.it<\/a>[\/vc_column_text][vc_separator color=&#8221;custom&#8221; accent_color=&#8221;#e30613&#8243;][vc_row_inner][vc_column_inner][vc_column_text]<em><a href=\"#_ftnref1\" name=\"_ftn1\">[1]<\/a> Dati Assomet, Settembre 2024<\/em><\/p>\n<p><em><a href=\"#_ftnref2\" name=\"_ftn2\">[2]<\/a> Osservatorio MECSPE sull\u2019industria manifatturiera condotta da GRS Ricerca e Strategia su un campione di <strong>196 aziende manifatturiere italiane che lavorano nel settore alluminio<\/strong>, tramite metodologia CAWI durante il mese di giugno 2024.<\/em>[\/vc_column_text][\/vc_column_inner][\/vc_row_inner][\/vc_column][\/vc_row]\n","protected":false},"excerpt":{"rendered":"<p>METEF ritorna dal 5 al 7 marzo 2025 a BolognaFiere con soluzioni per produzioni, lavorazioni e applicazioni dell\u2019alluminio e spingere lo sviluppo del comparto.<\/p>\n","protected":false},"author":12,"featured_media":4559,"comment_status":"closed","ping_status":"open","sticky":false,"template":"","format":"standard","meta":[],"categories":[12],"tags":[],"acf":[],"aioseo_notices":[],"_links":{"self":[{"href":"https:\/\/www.metef.com\/it\/wp-json\/wp\/v2\/posts\/4558"}],"collection":[{"href":"https:\/\/www.metef.com\/it\/wp-json\/wp\/v2\/posts"}],"about":[{"href":"https:\/\/www.metef.com\/it\/wp-json\/wp\/v2\/types\/post"}],"author":[{"embeddable":true,"href":"https:\/\/www.metef.com\/it\/wp-json\/wp\/v2\/users\/12"}],"replies":[{"embeddable":true,"href":"https:\/\/www.metef.com\/it\/wp-json\/wp\/v2\/comments?post=4558"}],"version-history":[{"count":2,"href":"https:\/\/www.metef.com\/it\/wp-json\/wp\/v2\/posts\/4558\/revisions"}],"predecessor-version":[{"id":4564,"href":"https:\/\/www.metef.com\/it\/wp-json\/wp\/v2\/posts\/4558\/revisions\/4564"}],"wp:featuredmedia":[{"embeddable":true,"href":"https:\/\/www.metef.com\/it\/wp-json\/wp\/v2\/media\/4559"}],"wp:attachment":[{"href":"https:\/\/www.metef.com\/it\/wp-json\/wp\/v2\/media?parent=4558"}],"wp:term":[{"taxonomy":"category","embeddable":true,"href":"https:\/\/www.metef.com\/it\/wp-json\/wp\/v2\/categories?post=4558"},{"taxonomy":"post_tag","embeddable":true,"href":"https:\/\/www.metef.com\/it\/wp-json\/wp\/v2\/tags?post=4558"}],"curies":[{"name":"wp","href":"https:\/\/api.w.org\/{rel}","templated":true}]}}