{"id":4874,"date":"2024-11-04T15:42:16","date_gmt":"2024-11-04T15:42:16","guid":{"rendered":"https:\/\/www.metef.com\/?p=4874"},"modified":"2024-12-12T15:53:56","modified_gmt":"2024-12-12T15:53:56","slug":"alluminio-transizione-ecologica","status":"publish","type":"post","link":"https:\/\/www.metef.com\/it\/comunicati\/alluminio-transizione-ecologica\/","title":{"rendered":"Alluminio, volano della transizione ecologica"},"content":{"rendered":"[vc_row][vc_column][vc_column_text]\n<h3>A METEF 2025 le innovazioni per la decarbonizzazione e l\u2019efficienza energetica<\/h3>\n<h5>Il 75% di tutto l&#8217;alluminio prodotto finora \u00e8 ancora in uso, a testimonianza del ruolo chiave del materiale nell\u2019economia circolare;<\/h5>\n<h5>L\u2019alluminio con le sue ampie possibilit\u00e0 di utilizzo nell&#8217;automotive e nei trasporti, nell\u2019edilizia, nella meccanica, nell&#8217;aerospaziale, negli imballaggi e nell&#8217;elettronica \u00e8 fondamentale per la transizione ecologica;<\/h5>\n<h5>METEF ritorna dal 5 al 7 marzo 2025 a BolognaFiere per dare spazio alle innovazioni sostenibili ed efficienza energetica per la filiera dell&#8217;alluminio.<\/h5>\n<hr \/>\n<p><em>Milano, 4 novembre 2024<\/em> \u2013 Il settore dell&#8217;alluminio si prepara a incontrarsi nuovamente in Italia a <strong>METEF<\/strong>, la fiera internazionale di riferimento per la filiera dell&#8217;alluminio organizzata da <strong>Senaf<\/strong>, presso <strong>BolognaFiere dal 5 al 7 marzo 2025<\/strong>. In un contesto globale dove la sostenibilit\u00e0 ricopre un ruolo sempre pi\u00f9 fondamentale, METEF si concentrer\u00e0 sulla <strong>transizione energetica e sulle sfide ambientali che il settore deve affrontare, con un focus particolare sull&#8217;efficienza energetica e la decarbonizzazione<\/strong>. L&#8217;obiettivo \u00e8 supportare il comparto nel suo cammino verso un futuro pi\u00f9 sostenibile ed efficiente dal punto di vista energetico, con il <strong>sostegno del Piano Transizione 5.0,<\/strong> recentemente approvato dal governo, che mette a disposizione 6,3 miliardi di euro per gli imprenditori che abbracciano la transizione ecologica. Un\u2019opportunit\u00e0 per chi intende investire in soluzioni sostenibili e ridurre l&#8217;impatto ambientale delle proprie attivit\u00e0 produttive.<\/p>\n<p><strong>Industria e sostenibilit\u00e0<\/strong><\/p>\n<p>Secondo i dati dell<strong>\u2019Osservatorio MECSPE<\/strong> relativi al secondo quadrimestre del 2024, ad oggi, <strong>solo il 30% degli imprenditori ritiene la propria azienda abbastanza o molto sostenibile, mentre il 44%<a href=\"#_ftn1\" name=\"_ftnref1\">[1]<\/a> si ritiene mediamente sostenibile. <\/strong>Se questi dati dimostrano la grande attenzione per la tematica del settore, ma evidenziano che la strada per ridurre l&#8217;impatto ambientale del tessuto manifatturiero italiano \u00e8 ancora lunga. Tuttavia, sempre pi\u00f9 imprese pongono attenzione a queste tematiche. Questo \u00e8 evidente anche dall\u2019aumento della quantit\u00e0 di alluminio riciclato, se consideriamo che In Europa, i tassi di riciclaggio superano il 90%<a href=\"#_ftn2\" name=\"_ftnref2\">[2]<\/a> nei settori automobilistico e edile e nel settore degli imballaggi in alluminio in particolare <strong>l&#8217;Italia ha raggiunto un tasso di riciclo del 70%, superando di gran lunga gli obiettivi UE<\/strong> fissati per il 2025 (50%) e il 2030 (60%)<a href=\"#_ftn3\" name=\"_ftnref3\">[3]<\/a>. Si registra inoltre che in Europa il 95%<a href=\"#_ftn4\" name=\"_ftnref4\">[4]<\/a> dell&#8217;alluminio utilizzato nelle automobili \u00e8 raccolto alla fine del ciclo di vita. Un segnale forte che dimostra come il comparto sia gi\u00e0 all&#8217;avanguardia nella gestione sostenibile del materiale.<\/p>\n<p>L&#8217;alluminio, grazie alla sua capacit\u00e0 di essere riciclato indefinitamente senza perdere qualit\u00e0, rappresenta una risorsa fondamentale per la transizione ecologica. Il ri<strong>ciclo dell\u2019alluminio richiede infatti soltanto il 5% dell&#8217;energia necessaria per produrre il metallo primario<\/strong>, un aspetto cruciale per ridurre l&#8217;impronta di carbonio dell&#8217;intero ciclo produttivo. Inoltre, <strong>il 75%<a href=\"#_ftn5\" name=\"_ftnref5\">[5]<\/a> di tutto l&#8217;alluminio prodotto finora \u00e8 ancora in uso, dimostrando la straordinaria durabilit\u00e0 e sostenibilit\u00e0 di questo materiale<\/strong>. Tuttavia, il settore deve ancora affrontare sfide significative, come l\u2019ulteriore riduzione delle emissioni di CO2 e l&#8217;ottimizzazione dei processi produttivi.<\/p>\n<p>La nuova edizione di METEF metter\u00e0 al centro le <strong>innovazioni sostenibili per la filiera dell\u2019alluminio,<\/strong> con un focus sui progressi tecnologici e sulle pratiche virtuose implementate dalle aziende del settore, favorendo un approccio sempre pi\u00f9 orientato all\u2019efficienza energetica e alla riduzione dell\u2019impatto ambientale. In questo contesto, l&#8217;evento sar\u00e0 una vetrina per proporre soluzioni concrete che possano contribuire al percorso di decarbonizzazione e di transizione energetica dell&#8217;industria dell&#8217;alluminio.[\/vc_column_text][\/vc_column][\/vc_row][vc_row css=&#8221;.vc_custom_1721374277745{background-color: rgba(221,51,51,0.1) !important;*background-color: rgb(221,51,51) !important;}&#8221;][vc_column][vc_row_inner][vc_column_inner][vc_column_text]<em>\u201cLa sostenibilit\u00e0 \u00e8 una delle principali direttrici delle nostre fiere,\u201d<\/em> afferma <strong>Maruska Sabato, Project Manager di MECSPE<\/strong>,<em> evento Senaf di riferimento per l\u2019industria manifatturiera in Italia, che si terr\u00e0 in contemporanea con METEF. \u201cL&#8217;approvazione del Piano Transizione 5.0 rappresenta un&#8217;opportunit\u00e0 straordinaria per le aziende italiane, in particolare quelle dell\u2019alluminio e dei metalli non ferrosi, per innovarsi puntando sulla transizione ecologica. Concentrandosi sulla riduzione dell\u2019impatto ambientale e l\u2019innovazione dei processi, le aziende potranno affrontare con successo le molte sfide di oggi, diventando sempre pi\u00f9 competitive. Proprio in questo senso, le nostre fiere offrono un ricco programma di approfondimenti e incontri, per stimolare la crescita e il confronto con tutta la filiera e gli esperti del settore<\/em><em>\u201d.<\/em>[\/vc_column_text][\/vc_column_inner][\/vc_row_inner][\/vc_column][\/vc_row][vc_row][vc_column][vc_column_text]METEF crea un&#8217;opportunit\u00e0 perfetta per promuovere il confronto tra i vari protagonisti della filiera: produttori, fornitori di tecnologie, e, in particolare, il contributo essenziale delle principali associazioni nazionali e internazionali del settore.<\/p>\n<p><strong>Roadshow verso Metef 2025<\/strong><\/p>\n<p>Nel percorso di avvicinamento a METEF, il comparto dell\u2019alluminio e dei metalli non ferrosi si \u00e8 di recente incontrato alla fiera delle costruzioni SAIE nel contesto della \u201c<strong>Piazza Alluminio in Edilizia<\/strong>\u201d. Attraverso convegni e tavole rotonde, i diversi attori della filiera hanno potuto esplorare i trend di mercato dell\u2019industria dell\u2019alluminio per l\u2019edilizia con un filo conduttore che ha caratterizzato tutti gli interventi rappresentato dall\u2019importanza di valorizzare e comunicare al meglio gli enormi vantaggi dell\u2019alluminio in edilizia e nelle costruzioni; l&#8217;alluminio, infatti, \u00e8 ampiamente utilizzato nelle costruzioni e nell&#8217;architettura grazie alla sua versatilit\u00e0, leggerezza, resistenza, e facilit\u00e0 di lavorazione, oltre alla sua capacit\u00e0 di essere riciclato. Viene impiegato in una vasta gamma di applicazioni, come porte, finestre, tetti, facciate, scale, ringhiere e infrastrutture. Particolarmente interessante la novit\u00e0 presentata in fiera della casa con struttura portante interamente in alluminio.<\/p>\n<p>Altra tappa di avvicinamento a METEF sar\u00e0 il webinar del prossimo 12 novembre dal titolo <strong><em>\u201cL\u2019alluminio tra sostenibilit\u00e0 e materia prima critica\u201d<\/em><\/strong> che si pone l\u2019obiettivo di approfondire le tematiche legate alla sostenibilit\u00e0 dell&#8217;alluminio e di enfatizzarne l\u2019importanza come materia prima critica nel contesto attuale.<\/p>\n<p>Il Webinar sar\u00e0 strutturato in due momenti chiave: una presentazione del quadro di mercato con una panoramica dello sviluppo del settore dell&#8217;alluminio a livello europeo e un confronto tra due importanti produttori di alluminio volto ad approfondire le diverse strategie e best practice in atto per l&#8217;ottimizzazione delle risorse.[\/vc_column_text][\/vc_column][\/vc_row][vc_row][vc_column][vc_column_text]<strong>La prossima edizione di METEF si terr\u00e0 dal 5 al 7 marzo 2025 in concomitanza con MECSPE.<\/strong><\/p>\n<p><strong>A proposito di METEF<\/strong><\/p>\n<p>La fiera METEF rappresenta da 25 anni in Italia l&#8217;unico punto di riferimento della filiera industriale dell\u2019alluminio: dai materiali grezzi, primari e provenienti dal riciclo, alle macchine, attrezzature, impianti di produzione e trasformazione, ai prodotti semilavorati, getti e prodotti finiti nei settori della pressocolata, fonderia a gravit\u00e0 e bassa pressione, estrusione, laminazione e stampaggio, fino alle lavorazioni meccaniche, assemblaggi, finiture e alle tecnologie per il riciclo.<\/p>\n<p><strong>METEF <\/strong>\u00e8 un appuntamento creato e modellato <strong>in stretta collaborazione con le imprese e gli addetti ai lavori <\/strong>e oggi, in un contesto globale di accesa competitivit\u00e0, si ripropone puntando sulla consolidata competenza ed esperienza del segmento industriale.<\/p>\n<p>Come di tradizione, \u00e8 rafforzato dall\u2019insostituibile supporto delle <strong>principali associazioni nazionali e internazionali <\/strong>di settore, per riportare al centro dell\u2019attenzione lo sviluppo dell\u2019industria attraverso uno straordinario patrimonio di cultura che deve misurarsi con <strong>le nuove frontiere della tecnologia e le nuove sfide dell\u2019innovazione sostenibile<\/strong>.<\/p>\n<p>METEF, la cui organizzazione \u00e8 affidata a Senaf, si terr\u00e0 in contemporanea a MECSPE, evento Senaf di riferimento per l\u2019industria manifatturiera in Italia. Le due manifestazioni saranno collocate in padiglioni distinti ma contigui per sviluppare sinergie e per il raggiungimento di comuni obiettivi. Alleanza forte tra due eventi ben conosciuti e consolidati nei rispettivi mercati di riferimento, complementarit\u00e0 e completezza della gamma prodotti offerti con l\u2019obiettivo di proporre al visitatore un\u2019esperienza completa e imperdibile.<\/p>\n<p>Per ulteriori informazioni visitare il sito <a href=\"http:\/\/www.metef.com\/it\">www.metef.com\/it<\/a>[\/vc_column_text][\/vc_column][\/vc_row][vc_row][vc_column][vc_separator color=&#8221;custom&#8221; accent_color=&#8221;#e30613&#8243;][vc_column_text]<strong>Per ulteriori informazioni<\/strong><\/p>\n<p><strong>Ufficio stampa<br \/>\n<\/strong><strong>MY PR &#8211; <\/strong><a href=\"http:\/\/www.mypr.it\/\">www.mypr.it<\/a><\/p>\n<p>Arianna Bonfioli \u2013 cell 335 6111390 e-mail <a href=\"mailto:fabio.micali@mypr.it\">arianna.bonfioli@mypr.it<\/a>[\/vc_column_text][vc_separator color=&#8221;custom&#8221; accent_color=&#8221;#e30613&#8243;][vc_row_inner][vc_column_inner][vc_column_text]<a href=\"#_ftnref1\" name=\"_ftn1\">[1]<\/a> Osservatorio MECSPE, II quadrimestre 2024<\/p>\n<p><a href=\"#_ftnref2\" name=\"_ftn2\">[2]<\/a> European Alluminium Association<\/p>\n<p><a href=\"#_ftnref3\" name=\"_ftn3\">[3]<\/a> Cial 2023<\/p>\n<p><a href=\"#_ftnref4\" name=\"_ftn4\">[4]<\/a> European Alluminium Association<\/p>\n<p><a href=\"#_ftnref5\" name=\"_ftn5\">[5]<\/a> International Aluminium, https:\/\/international-aluminium.org\/portfolio\/still-in-use\/#:~:text=From%201888%2C%20when%20aluminium%20was,still%20be%20in%20use%20today.[\/vc_column_text][\/vc_column_inner][\/vc_row_inner][\/vc_column][\/vc_row]\n","protected":false},"excerpt":{"rendered":"<p>A METEF 2025 le innovazioni per la decarbonizzazione e l\u2019efficienza energetica. Il 75% di tutto l&#8217;alluminio prodotto finora \u00e8 ancora in uso, a testimonianza del ruolo chiave del materiale nell\u2019economia circolare.<\/p>\n","protected":false},"author":12,"featured_media":4875,"comment_status":"closed","ping_status":"open","sticky":false,"template":"","format":"standard","meta":[],"categories":[12],"tags":[],"acf":[],"aioseo_notices":[],"_links":{"self":[{"href":"https:\/\/www.metef.com\/it\/wp-json\/wp\/v2\/posts\/4874"}],"collection":[{"href":"https:\/\/www.metef.com\/it\/wp-json\/wp\/v2\/posts"}],"about":[{"href":"https:\/\/www.metef.com\/it\/wp-json\/wp\/v2\/types\/post"}],"author":[{"embeddable":true,"href":"https:\/\/www.metef.com\/it\/wp-json\/wp\/v2\/users\/12"}],"replies":[{"embeddable":true,"href":"https:\/\/www.metef.com\/it\/wp-json\/wp\/v2\/comments?post=4874"}],"version-history":[{"count":2,"href":"https:\/\/www.metef.com\/it\/wp-json\/wp\/v2\/posts\/4874\/revisions"}],"predecessor-version":[{"id":4878,"href":"https:\/\/www.metef.com\/it\/wp-json\/wp\/v2\/posts\/4874\/revisions\/4878"}],"wp:featuredmedia":[{"embeddable":true,"href":"https:\/\/www.metef.com\/it\/wp-json\/wp\/v2\/media\/4875"}],"wp:attachment":[{"href":"https:\/\/www.metef.com\/it\/wp-json\/wp\/v2\/media?parent=4874"}],"wp:term":[{"taxonomy":"category","embeddable":true,"href":"https:\/\/www.metef.com\/it\/wp-json\/wp\/v2\/categories?post=4874"},{"taxonomy":"post_tag","embeddable":true,"href":"https:\/\/www.metef.com\/it\/wp-json\/wp\/v2\/tags?post=4874"}],"curies":[{"name":"wp","href":"https:\/\/api.w.org\/{rel}","templated":true}]}}