{"id":4916,"date":"2024-12-19T14:54:50","date_gmt":"2024-12-19T14:54:50","guid":{"rendered":"https:\/\/www.metef.com\/?p=4916"},"modified":"2024-12-19T14:54:50","modified_gmt":"2024-12-19T14:54:50","slug":"alluminio-italia-sostenibilita-competenze-giovani","status":"publish","type":"post","link":"https:\/\/www.metef.com\/it\/comunicati\/alluminio-italia-sostenibilita-competenze-giovani\/","title":{"rendered":"Alluminio: in Italia il settore punta su sostenibilit\u00e0 e competenze dei giovani talenti"},"content":{"rendered":"[vc_row][vc_column][vc_column_text]\n<h3>Alluminio: in Italia il settore punta sulla sostenibilit\u00e0 e sulle competenze dei giovani talenti per far fronte alle sfide europee<\/h3>\n<h5>Sostenibilit\u00e0 al centro del settore alluminio in Italia: le aziende che si dichiarano sostenibili sono cresciute dell&#8217;8% rispetto all\u2019ultimo quadrimestre, mentre i criteri ESG vengono sempre pi\u00f9 integrati nelle strategie di governance aziendale;<\/h5>\n<h5>Anche la formazione acquista una nuova importanza guardando ai giovani per lo sviluppo delle nuove competenze: 1 azienda su 3 gi\u00e0 collabora con ITS e Universit\u00e0 per l\u2019inserimento dei nuovi talenti, un altro terzo di loro \u00e8 in procinto di attivare queste collaborazioni;<\/h5>\n<h5>Le sfide energetiche e la competizione internazionale hanno avuto un impatto sul comparto in tutta Europa, con conseguenze anche in Italia. Per approfondire anche questo tema, METEF ritorna dal 5 al 7 marzo 2025 a BolognaFiere in contemporanea con MECSPE per unire le sinergie del comparto e individuare le strategie per rendere il comparto pi\u00f9 competitivo ed efficiente.<\/h5>\n<hr \/>\n<p><em>Milano, 19 dicembre 2024<\/em> \u2013 Il settore dell\u2019allumino punta sulla sostenibilit\u00e0 e sulle nuove competenze dei giovani per far fronte alle sfide che tutta la filiera deve affrontare, sia a livello nazionale che europeo. Secondo <strong>l\u2019Osservatorio MECSPE relativo al secondo quadrimestre del 2024<\/strong>, gli imprenditori del <strong>comparto alluminio<\/strong> <strong>stanno prestando maggiore attenzione alla sostenibilit\u00e0: pi\u00f9 di 4 di loro su 10<a href=\"#_ftn1\" name=\"_ftnref1\">[1]<\/a> reputano la propria azienda molto o abbastanza sostenibile, un aumento dell\u20198%<\/strong> rispetto al quadrimestre precedente. Tale attenzione si rispecchia anche nella Governance aziendale, dove i criteri ESG assumono un ruolo strategico, verso i quali le aziende stanno dimostrando interesse: <strong>il 33% delle aziende afferma di avere gi\u00e0 implementato o di stare implementando i criteri ESG<\/strong>, mentre un 25% dichiara di avere tutta l\u2019intenzione di farlo a breve.<\/p>\n<p>Per quanto riguarda le <strong>competenze<\/strong>, le aziende guardano sempre con pi\u00f9 interesse i giovani talenti gi\u00e0 formati per inserire nuovo personale preparato; infatti, <strong>circa un\u2019azienda su 3 sta gi\u00e0 collaborando con universit\u00e0 e ITS, mentre un altro terzo dei rispondenti afferma di avere intenzione di attivare collaborazioni a breve per offrire opportunit\u00e0 di lavoro ai giovani<\/strong> entro il prossimo anno. Le figure maggiormente ricercate sono <strong>operai specializzati 53% e tecnici specializzati (47%).<\/strong> Se circa un quarto degli imprenditori guarda a Universit\u00e0, ITS e IFTS per introdurre nuove competenze in azienda, pi\u00f9 della met\u00e0 investe in corsi di formazione per aggiornare le competenze del personale esistente.<\/p>\n<p>Su queste due direttrici, le aziende del settore si danno appuntamento a <strong>METEF<\/strong>, la fiera internazionale di riferimento per la filiera dell&#8217;alluminio organizzata da <strong>Senaf<\/strong>, presso <strong>BolognaFiere dal 5 al 7 marzo 2025<\/strong>. In un contesto globale dove la sostenibilit\u00e0 ricopre un ruolo sempre pi\u00f9 fondamentale e sono necessarie nuove competenze per implementare soluzioni tecnologiche all\u2019avanguardia, <strong>METEF 2025<\/strong> si prepara ad accogliere aziende di tutta la filiera<strong>, offrendo un\u2019occasione unica per affrontare le sfide strutturali e competitive che il settore dell\u2019alluminio sta affrontando.<\/strong><\/p>\n<p>Grazie, inoltre, alla stretta collaborazione con<strong>\u00a0ICE, Agenzia per la promozione all\u2019estero e l\u2019internazionalizzazione delle imprese italiane<\/strong>, gli espositori di\u00a0<strong>METEF<\/strong>\u00a0avranno l\u2019opportunit\u00e0 di incontrare le\u00a0<strong>delegazioni di buyer<\/strong>\u00a0provenienti da\u00a0<strong>Paesi europei ed extraeuropei<\/strong>\u00a0durante le giornate di manifestazione attraverso un programma di\u00a0<strong>matching<\/strong>\u00a0e\u00a0<strong>incontri d\u2019affari one to one<\/strong>.<\/p>\n<p>In occasione del recente webinar organizzato da METEF come tappa del roadshow in avvicinamento alla fiera, dal titolo <em>\u201cL\u2019alluminio tra sostenibilit\u00e0 e materia prima critica<\/em>\u201d, i protagonisti -Roberta Maroni di Hydro, Roberta Niboli di Raffmetal e Francesca di Bernardo dell\u2019European Aluminium Association- hanno evidenziato che l\u2019alluminio, materia prima strategica per l\u2019Europa, \u00e8 al centro di importanti sfide: dal 2021 la produzione primaria europea si \u00e8 ridotta del 52% a causa dei costi energetici cresciuti fino al 400%, riducendo la capacit\u00e0 produttiva da 2 milioni a 1 milione di tonnellate l\u2019anno. Inoltre, l<strong>\u2019export di rottami<\/strong> \u00e8 aumentato del 18% nel 2023, privando il continente di una <strong>risorsa cruciale per il riciclo, che consuma solo il 5% dell\u2019energia richiesta dalla produzione primaria. <\/strong><\/p>\n<p>Durante il webinar si sono evidenziate la necessit\u00e0 di politiche industriali pi\u00f9 incisive, che limitino l\u2019export di risorse strategiche come il rottame e incentivino l\u2019utilizzo di energie rinnovabili. In questo contesto, \u00e8 essenziale un maggiore coinvolgimento delle istituzioni, non solo per supportare gli investimenti tecnologici, ma anche per sensibilizzare le nuove generazioni alla sostenibilit\u00e0. La formazione e l\u2019educazione sul riciclo sono viste come leve indispensabili per costruire una filiera dell\u2019alluminio pi\u00f9 forte, resiliente e orientata al futuro.[\/vc_column_text][\/vc_column][\/vc_row][vc_row css=&#8221;.vc_custom_1721374277745{background-color: rgba(221,51,51,0.1) !important;*background-color: rgb(221,51,51) !important;}&#8221;][vc_column][vc_row_inner][vc_column_inner][vc_column_text]<em>\u201cMETEF rappresenta molto pi\u00f9 di una semplice fiera: \u00e8 il punto di incontro dove sostenibilit\u00e0, innovazione, efficienza energetica e formazione convergono per definire il futuro dell\u2019alluminio,\u201d afferma <strong>Maruska Sabato<\/strong>, <strong>project manager di MECSPE<\/strong>. &#8220;In un momento in cui l\u2019Europa affronta sfide importanti, \u00e8 essenziale che il settore agisca in modo coeso. METEF vuole essere la piattaforma dove aziende, istituzioni e giovani talenti possano confrontarsi, collaborare e sviluppare soluzioni concrete per rendere l\u2019alluminio il volano della transizione ecologica. Con il nostro impegno, vogliamo dare forma a una filiera pi\u00f9 forte, resiliente e orientata al futuro<\/em><em>\u201d<\/em>[\/vc_column_text][\/vc_column_inner][\/vc_row_inner][\/vc_column][\/vc_row][vc_row][vc_column][vc_column_text]<strong>La prossima edizione di METEF si terr\u00e0 dal 5 al 7 marzo 2025 in concomitanza con MECSPE.<\/strong><\/p>\n<p><strong>A proposito di METEF<\/strong><\/p>\n<p>La fiera METEF rappresenta da 25 anni in Italia l&#8217;unico punto di riferimento della filiera industriale dell\u2019alluminio: dai materiali grezzi, primari e provenienti dal riciclo, alle macchine, attrezzature, impianti di produzione e trasformazione, ai prodotti semilavorati, getti e prodotti finiti nei settori della pressocolata, fonderia a gravit\u00e0 e bassa pressione, estrusione, laminazione e stampaggio, fino alle lavorazioni meccaniche, assemblaggi, finiture e alle tecnologie per il riciclo.<\/p>\n<p><strong>METEF <\/strong>\u00e8 un appuntamento creato e modellato <strong>in stretta collaborazione con le imprese e gli addetti ai lavori <\/strong>e oggi, in un contesto globale di accesa competitivit\u00e0, si ripropone puntando sulla consolidata competenza ed esperienza del segmento industriale.<\/p>\n<p>Come di tradizione, \u00e8 rafforzato dall\u2019insostituibile supporto delle <strong>principali associazioni nazionali e internazionali <\/strong>di settore, per riportare al centro dell\u2019attenzione lo sviluppo dell\u2019industria attraverso uno straordinario patrimonio di cultura che deve misurarsi con <strong>le nuove frontiere della tecnologia e le nuove sfide dell\u2019innovazione sostenibile<\/strong>.<\/p>\n<p>METEF, la cui organizzazione \u00e8 affidata a Senaf, si terr\u00e0 in contemporanea a MECSPE, evento Senaf di riferimento per l\u2019industria manifatturiera in Italia. Le due manifestazioni saranno collocate in padiglioni distinti ma contigui per sviluppare sinergie e per il raggiungimento di comuni obiettivi. Alleanza forte tra due eventi ben conosciuti e consolidati nei rispettivi mercati di riferimento, complementarit\u00e0 e completezza della gamma prodotti offerti con l\u2019obiettivo di proporre al visitatore un\u2019esperienza completa e imperdibile.<\/p>\n<p>Per ulteriori informazioni visitare il sito <a href=\"http:\/\/www.metef.com\/it\">www.metef.com\/it<\/a>[\/vc_column_text][\/vc_column][\/vc_row][vc_row][vc_column][vc_separator color=&#8221;custom&#8221; accent_color=&#8221;#e30613&#8243;][vc_column_text]<strong>Per ulteriori informazioni<\/strong><\/p>\n<p><strong>Ufficio stampa<br \/>\n<\/strong><strong>MY PR &#8211; <\/strong><a href=\"http:\/\/www.mypr.it\/\">www.mypr.it<\/a><\/p>\n<p>Arianna Bonfioli \u2013 cell 335 6111390 e-mail <a href=\"mailto:fabio.micali@mypr.it\">arianna.bonfioli@mypr.it<\/a>[\/vc_column_text][vc_separator color=&#8221;custom&#8221; accent_color=&#8221;#e30613&#8243;][vc_row_inner][vc_column_inner][vc_column_text]<a href=\"#_ftnref1\" name=\"_ftn1\"><sup>[1]<\/sup><\/a> Osservatorio MECSPE sull\u2019industria manifatturiera condotta da GRS Ricerca e Strategia su un campione di 274 aziende manifatturiere italiane operanti nel settore dell\u2019alluminio ad ottobre 2024, metodologia CAWI.[\/vc_column_text][\/vc_column_inner][\/vc_row_inner][\/vc_column][\/vc_row]\n","protected":false},"excerpt":{"rendered":"<p>[vc_row][vc_column][vc_column_text] Alluminio: in Italia il settore punta sulla sostenibilit\u00e0 e sulle competenze dei giovani talenti per far fronte alle sfide europee Sostenibilit\u00e0 al centro del settore alluminio in Italia: le aziende che si dichiarano sostenibili sono cresciute dell&#8217;8% rispetto all\u2019ultimo quadrimestre, mentre i criteri ESG vengono sempre pi\u00f9 integrati nelle strategie di governance aziendale; Anche [&hellip;]<\/p>\n","protected":false},"author":12,"featured_media":4917,"comment_status":"closed","ping_status":"open","sticky":false,"template":"","format":"standard","meta":[],"categories":[12],"tags":[],"acf":[],"aioseo_notices":[],"_links":{"self":[{"href":"https:\/\/www.metef.com\/it\/wp-json\/wp\/v2\/posts\/4916"}],"collection":[{"href":"https:\/\/www.metef.com\/it\/wp-json\/wp\/v2\/posts"}],"about":[{"href":"https:\/\/www.metef.com\/it\/wp-json\/wp\/v2\/types\/post"}],"author":[{"embeddable":true,"href":"https:\/\/www.metef.com\/it\/wp-json\/wp\/v2\/users\/12"}],"replies":[{"embeddable":true,"href":"https:\/\/www.metef.com\/it\/wp-json\/wp\/v2\/comments?post=4916"}],"version-history":[{"count":1,"href":"https:\/\/www.metef.com\/it\/wp-json\/wp\/v2\/posts\/4916\/revisions"}],"predecessor-version":[{"id":4919,"href":"https:\/\/www.metef.com\/it\/wp-json\/wp\/v2\/posts\/4916\/revisions\/4919"}],"wp:featuredmedia":[{"embeddable":true,"href":"https:\/\/www.metef.com\/it\/wp-json\/wp\/v2\/media\/4917"}],"wp:attachment":[{"href":"https:\/\/www.metef.com\/it\/wp-json\/wp\/v2\/media?parent=4916"}],"wp:term":[{"taxonomy":"category","embeddable":true,"href":"https:\/\/www.metef.com\/it\/wp-json\/wp\/v2\/categories?post=4916"},{"taxonomy":"post_tag","embeddable":true,"href":"https:\/\/www.metef.com\/it\/wp-json\/wp\/v2\/tags?post=4916"}],"curies":[{"name":"wp","href":"https:\/\/api.w.org\/{rel}","templated":true}]}}