{"id":5905,"date":"2025-02-25T16:57:42","date_gmt":"2025-02-25T16:57:42","guid":{"rendered":"https:\/\/www.metef.com\/?p=5905"},"modified":"2025-02-25T16:57:42","modified_gmt":"2025-02-25T16:57:42","slug":"filiera-alluminio-metef-marzo-2025-futuro-alluminio-innovazione-sostenibilita-crescita-internazionale","status":"publish","type":"post","link":"https:\/\/www.metef.com\/it\/comunicati\/filiera-alluminio-metef-marzo-2025-futuro-alluminio-innovazione-sostenibilita-crescita-internazionale\/","title":{"rendered":"La filiera si prepara ad incontrarsi a METEF 2025 il prossimo 5-7 marzo: il futuro dell\u2019alluminio tra innovazione, sostenibilit\u00e0 e crescita internazionale"},"content":{"rendered":"[vc_row][vc_column][vc_column_text]\n<h3><strong>La filiera si prepara ad incontrarsi a METEF 2025 il prossimo 5-7 marzo: il futuro dell\u2019alluminio tra innovazione, sostenibilit\u00e0 e crescita internazionale<\/strong><\/h3>\n<h5>Dal 5 al 7 marzo 2025, METEF torna a BolognaFiere, consolidando il suo ruolo di manifestazione di riferimento in Italia per l&#8217;industria dell&#8217;alluminio;<\/h5>\n<h5>Aluminium Energy Summit: un momento chiave in cui leader di settore ed esperti discuteranno strategie per l&#8217;efficienza energetica e la decarbonizzazione, tematiche centrali per la competitivit\u00e0 dell\u2019industry;<\/h5>\n<h5>Una marcata presenza di aziende estere e delegazioni di buyer provenienti da 11 Paesi per favorire nuove opportunit\u00e0 di business e networking globale.<\/h5>\n<hr \/>\n<p><em>Milano, 17 febbraio 2025<\/em> \u2013 <span data-contrast=\"auto\">Dal <\/span><b><span data-contrast=\"auto\">5 al 7 marzo 2025, METEF<\/span><\/b> <b><span data-contrast=\"auto\">torna a BolognaFiere<\/span><\/b><span data-contrast=\"auto\">, in contemporanea con MECSPE, un evento internazionale in Italia per la filiera dell&#8217;alluminio. Organizzato da <\/span><b><span data-contrast=\"auto\">Senaf<\/span><\/b><span data-contrast=\"auto\"> e giunto alla sua 13\u00b0 edizione, offrir\u00e0 una panoramica sulle <\/span><b><span data-contrast=\"auto\">principali tendenze del mercato, le sfide della decarbonizzazione e le soluzioni tecnologiche pi\u00f9 avanzate per l\u2019economia circolare<\/span><\/b><span data-contrast=\"auto\">.<\/span><span data-ccp-props=\"{&quot;201341983&quot;:0,&quot;335551550&quot;:6,&quot;335551620&quot;:6,&quot;335559739&quot;:200,&quot;335559740&quot;:240}\">\u00a0<\/span><\/p>\n<p><span data-contrast=\"auto\">METEF 2025 propone un calendario di appuntamenti pensati per approfondire le sfide e le opportunit\u00e0 del settore e unire le sinergie del comparto. Dalle strategie per l\u2019efficienza energetica ai nuovi sviluppi nella filiera dell\u2019alluminio, il programma offrir\u00e0 momenti di confronto tra esperti, aziende e stakeholder di rilievo.<\/span><span data-ccp-props=\"{&quot;201341983&quot;:0,&quot;335551550&quot;:6,&quot;335551620&quot;:6,&quot;335559739&quot;:200,&quot;335559740&quot;:240}\">\u00a0<\/span><\/p>\n<p><span data-contrast=\"auto\">In particolare, la <\/span><b><span data-contrast=\"auto\">terza edizione dell\u2019Aluminium Energy Summit<\/span><\/b><span data-contrast=\"auto\"> rappresenta un punto di riferimento per l\u2019industria dell\u2019alluminio, offrendo <\/span><b><span data-contrast=\"auto\">un\u2019opportunit\u00e0 di confronto sulle strategie per l\u2019efficienza energetica e la decarbonizzazione<\/span><\/b><span data-contrast=\"auto\">. In un contesto globale sempre pi\u00f9 attento alla sostenibilit\u00e0, il summit analizzer\u00e0 le soluzioni concrete che il settore pu\u00f2 adottare per ridurre l\u2019impronta ambientale e ottimizzare le risorse.<\/span><span data-ccp-props=\"{&quot;134233279&quot;:true,&quot;201341983&quot;:0,&quot;335551550&quot;:6,&quot;335551620&quot;:6,&quot;335559739&quot;:200,&quot;335559740&quot;:240}\">\u00a0<\/span><\/p>\n<p><span data-contrast=\"auto\">L\u2019evento metter\u00e0 in luce il <\/span><b><span data-contrast=\"auto\">ruolo chiave dell\u2019innovazione tecnologica<\/span><\/b> <b><span data-contrast=\"auto\">e della cooperazione tra aziende<\/span><\/b><span data-contrast=\"auto\">, fornitori di energia e istituzioni per costruire un modello industriale pi\u00f9 resiliente e competitivo. La sicurezza dell\u2019approvvigionamento energetico, il contenimento dei costi e l\u2019adozione di processi sempre pi\u00f9 efficienti saranno alcuni dei temi al centro del dibattito.<\/span><span data-ccp-props=\"{&quot;201341983&quot;:0,&quot;335551550&quot;:6,&quot;335551620&quot;:6,&quot;335559739&quot;:0,&quot;335559740&quot;:240}\">\u00a0<\/span><\/p>\n<p><span data-contrast=\"auto\">Il Summit rappresenta la piattaforma ideale per discutere contributi concreti e soluzioni tecnologiche che il settore pu\u00f2 attivare per raggiungere gli <\/span><b><span data-contrast=\"auto\">obiettivi di economia circolare e riduzione dell\u2019impronta di CO\u2082<\/span><\/b><span data-contrast=\"auto\">.<\/span><span data-ccp-props=\"{&quot;201341983&quot;:0,&quot;335551550&quot;:6,&quot;335551620&quot;:6,&quot;335559739&quot;:0,&quot;335559740&quot;:240}\">\u00a0<\/span><\/p>\n<p><span data-contrast=\"auto\">A seguito del Summit si svolger\u00e0 la cerimonia di premiazione del concorso <\/span><b><span data-contrast=\"auto\">Metef Awards<\/span><\/b><span data-contrast=\"auto\">, un\u2019iniziativa che ha l\u2019obiettivo di fare emergere l\u2019<\/span><b><span data-contrast=\"auto\">eccellenza produttiva della filiera dell\u2019alluminio<\/span><\/b><span data-contrast=\"auto\">, attraverso un\u2019adeguata valorizzazione delle tecnologie e soluzioni presentate dalle aziende privilegiando gli aspetti di contributo alla decarbonizzazione, peculiarit\u00e0 prestazionali, innovazione tecnologica, originalit\u00e0 e vantaggi competitivi.<\/span><\/p>\n<p><span data-contrast=\"auto\">Novit\u00e0 del 2025 \u00e8 la categoria <\/span><b><span data-contrast=\"auto\">\u201cClosing the STEM Gap\u201d<\/span><\/b><span data-contrast=\"auto\">, dedicata all\u2019inclusione delle donne nel settore industriale.<\/span><span data-ccp-props=\"{&quot;134233279&quot;:true,&quot;201341983&quot;:0,&quot;335551550&quot;:6,&quot;335551620&quot;:6,&quot;335559739&quot;:200,&quot;335559740&quot;:240}\">\u00a0<\/span><\/p>\n<p><span data-contrast=\"auto\">METEF 2025 proporr\u00e0 una serie di incontri tematici su argomenti strategici:<\/span><span data-ccp-props=\"{&quot;201341983&quot;:0,&quot;335551550&quot;:6,&quot;335551620&quot;:6,&quot;335559739&quot;:200,&quot;335559740&quot;:240}\">\u00a0<\/span><\/p>\n<ul>\n<li data-leveltext=\"\uf0b7\" data-font=\"Symbol\" data-listid=\"10\" data-list-defn-props=\"{&quot;335552541&quot;:1,&quot;335559685&quot;:720,&quot;335559991&quot;:360,&quot;469769226&quot;:&quot;Symbol&quot;,&quot;469769242&quot;:[8226],&quot;469777803&quot;:&quot;left&quot;,&quot;469777804&quot;:&quot;\uf0b7&quot;,&quot;469777815&quot;:&quot;hybridMultilevel&quot;}\" data-aria-posinset=\"1\" data-aria-level=\"1\"><b><span data-contrast=\"auto\">Alluminio primario e da riciclo nel settore dell\u2019estrusione. <\/span><\/b><span data-contrast=\"auto\">Il convegno, organizzato da <\/span><b><span data-contrast=\"auto\">Aluminium Two Thousand\u202fe\u202fICEB-International Conference on Extrusion and Benchmark,<\/span><\/b><span data-contrast=\"auto\"> rappresenta un\u2019occasione unica per <\/span><b><span data-contrast=\"auto\">analizzare le sfide e le opportunit\u00e0 dell\u2019utilizzo dell\u2019alluminio riciclato rispetto a quello primario<\/span><\/b><span data-contrast=\"auto\">. Gli esperti del settore discuteranno le innovazioni nei processi di estrusione, le strategie di approvvigionamento sostenibile e le tecnologie per migliorare l&#8217;efficienza produttiva. Un appuntamento imprescindibile per aziende e professionisti che vogliono restare competitivi in un mercato in rapida evoluzione.<\/span><span data-ccp-props=\"{&quot;201341983&quot;:0,&quot;335551550&quot;:6,&quot;335551620&quot;:6,&quot;335559739&quot;:200,&quot;335559740&quot;:240}\">\u00a0<\/span><\/li>\n<\/ul>\n<ul>\n<li data-leveltext=\"\uf0b7\" data-font=\"Symbol\" data-listid=\"12\" data-list-defn-props=\"{&quot;134224900&quot;:true,&quot;335552541&quot;:1,&quot;335559685&quot;:720,&quot;335559991&quot;:360,&quot;469769226&quot;:&quot;Symbol&quot;,&quot;469769242&quot;:[8226],&quot;469777803&quot;:&quot;left&quot;,&quot;469777804&quot;:&quot;\uf0b7&quot;,&quot;469777815&quot;:&quot;hybridMultilevel&quot;}\" data-aria-posinset=\"1\" data-aria-level=\"1\"><b><span data-contrast=\"auto\">Tavola Rotonda &#8211; L\u2019alluminio e l\u2019eccellenza italiana: Innovazione, Design e Sostenibilit\u00e0 nelle Costruzioni Navali. Rossinavi,<\/span><\/b><span data-contrast=\"auto\"> eccellenza italiana nella costruzione di yacht di lusso, sar\u00e0 protagonista di una tavola rotonda esclusiva per approfondire le nuove sfide e opportunit\u00e0 legate all\u2019utilizzo dell\u2019alluminio nelle costruzioni navali dei mega yachts. L\u2019evento vedr\u00e0 la partecipazione di <\/span><b><span data-contrast=\"auto\">Federico Rossi<\/span><\/b><span data-contrast=\"auto\"> di Rossinavi, insieme a <\/span><b><span data-contrast=\"auto\">Vincenzo Zinni<\/span><\/b><span data-contrast=\"auto\"> di Niche Fusina Rolled Products, <\/span><b><span data-contrast=\"auto\">Mattia Marconi<\/span><\/b><span data-contrast=\"auto\"> di Alluminio di Qualit\u00e0, <\/span><b><span data-contrast=\"auto\">Guido Godani<\/span><\/b><span data-contrast=\"auto\"> di Metalluminio, <\/span><b><span data-contrast=\"auto\">Franco Bonollo<\/span><\/b><span data-contrast=\"auto\"> dell\u2019Universit\u00e0 di Padova e sar\u00e0 moderato da <\/span><b><span data-contrast=\"auto\">Eugenio Paroletti<\/span><\/b><span data-contrast=\"auto\"> della rivista A&amp;L-Alluminio e leghe<\/span><b><span data-contrast=\"auto\">.<\/span><\/b><span data-ccp-props=\"{&quot;201341983&quot;:0,&quot;335551550&quot;:6,&quot;335551620&quot;:6,&quot;335559739&quot;:200,&quot;335559740&quot;:240}\">\u00a0<\/span><\/li>\n<\/ul>\n<ul>\n<li data-leveltext=\"\uf0b7\" data-font=\"Symbol\" data-listid=\"10\" data-list-defn-props=\"{&quot;335552541&quot;:1,&quot;335559685&quot;:720,&quot;335559991&quot;:360,&quot;469769226&quot;:&quot;Symbol&quot;,&quot;469769242&quot;:[8226],&quot;469777803&quot;:&quot;left&quot;,&quot;469777804&quot;:&quot;\uf0b7&quot;,&quot;469777815&quot;:&quot;hybridMultilevel&quot;}\" data-aria-posinset=\"2\" data-aria-level=\"1\"><b><span data-contrast=\"auto\">Leghe di alluminio da riciclo: le nuove sfide. <\/span><\/b><span data-contrast=\"auto\">Un seminario diretto dal prof. <\/span><b><span data-contrast=\"auto\">Franco Bonollo<\/span><\/b><span data-contrast=\"auto\"> dell\u2019Universit\u00e0 di Padova che fornir\u00e0 un\u2019analisi delle opportunit\u00e0 di miglioramento dei processi e delle tecnologie per valorizzare il potenziale dell\u2019alluminio.<\/span><span data-ccp-props=\"{&quot;201341983&quot;:0,&quot;335551550&quot;:6,&quot;335551620&quot;:6,&quot;335559739&quot;:200,&quot;335559740&quot;:240}\">\u00a0<\/span><\/li>\n<\/ul>\n<ul>\n<li data-leveltext=\"\uf0b7\" data-font=\"Symbol\" data-listid=\"10\" data-list-defn-props=\"{&quot;335552541&quot;:1,&quot;335559685&quot;:720,&quot;335559991&quot;:360,&quot;469769226&quot;:&quot;Symbol&quot;,&quot;469769242&quot;:[8226],&quot;469777803&quot;:&quot;left&quot;,&quot;469777804&quot;:&quot;\uf0b7&quot;,&quot;469777815&quot;:&quot;hybridMultilevel&quot;}\" data-aria-posinset=\"3\" data-aria-level=\"1\"><b><span data-contrast=\"auto\">Calcolo dell\u2019impronta ambientale dei getti di alluminio: il tool di Assofond. <\/span><\/b><span data-contrast=\"auto\">L&#8217;associazione di Confindustria che rappresenta le fonderie italiane presenter\u00e0 un nuovo strumento che permetter\u00e0 alle fonderie di alluminio di indentificare in autonomia <\/span><span data-contrast=\"none\">le\u202fprincipali tipologie di impatti ambientali dei propri prodotti\u202fe il peso percentuale che ciascuna fase del processo produttivo rappresenta.<\/span><\/li>\n<\/ul>\n[\/vc_column_text][\/vc_column][\/vc_row][vc_row css=&#8221;.vc_custom_1721374277745{background-color: rgba(221,51,51,0.1) !important;*background-color: rgb(221,51,51) !important;}&#8221;][vc_column][vc_row_inner][vc_column_inner][vc_column_text]<em>\u201c<span class=\"TextRun SCXW4411752 BCX8\" lang=\"IT-IT\" xml:lang=\"IT-IT\" data-contrast=\"auto\"><span class=\"NormalTextRun SCXW4411752 BCX8\">METEF 2025 <\/span><span class=\"NormalTextRun SCXW4411752 BCX8\">\u00e8<\/span> <span class=\"NormalTextRun SCXW4411752 BCX8\">l\u2019unico <\/span><span class=\"NormalTextRun SCXW4411752 BCX8\">punto di incontro <\/span><span class=\"NormalTextRun SCXW4411752 BCX8\">in Italia <\/span><span class=\"NormalTextRun SCXW4411752 BCX8\">per i player della filiera dell\u2019alluminio, <\/span><span class=\"NormalTextRun SCXW4411752 BCX8\">che offre <\/span><span class=\"NormalTextRun SCXW4411752 BCX8\">un\u2019occasione unica per il networking, la condivisione di conoscenze e la presentazione delle innovazioni pi\u00f9 avanzate del settore. L\u2019evento si conferma un riferimento essenziale per aziende, istituzioni e professionisti, con un focus specifico sulla sostenibilit\u00e0, la decarbonizzazione e le nuove sfide della filiera<\/span><span class=\"NormalTextRun SCXW4411752 BCX8\">\u201d <\/span><\/span><\/em><span class=\"TextRun SCXW4411752 BCX8\" lang=\"IT-IT\" xml:lang=\"IT-IT\" data-contrast=\"auto\"><span class=\"NormalTextRun SCXW4411752 BCX8\">afferma <\/span><\/span><span class=\"TextRun SCXW4411752 BCX8\" lang=\"IT-IT\" xml:lang=\"IT-IT\" data-contrast=\"auto\"><strong><span class=\"NormalTextRun SCXW4411752 BCX8\">Maruska <\/span><span class=\"NormalTextRun ContextualSpellingAndGrammarErrorV2Themed SCXW4411752 BCX8\">Sabato<\/span><\/strong><span class=\"NormalTextRun SCXW4411752 BCX8\">, <strong>Project Manager di MECSPE<\/strong><\/span><\/span><span class=\"TextRun SCXW4411752 BCX8\" lang=\"IT-IT\" xml:lang=\"IT-IT\" data-contrast=\"auto\"><span class=\"NormalTextRun SCXW4411752 BCX8\">, sottolineando l&#8217;importanza strategica della manifestazione.<\/span><\/span>[\/vc_column_text][\/vc_column_inner][\/vc_row_inner][\/vc_column][\/vc_row][vc_row][vc_column][vc_column_text]<span data-contrast=\"auto\">Inoltre, grazie alla collaborazione di <\/span><b><span data-contrast=\"auto\">ICE, Agenzia per la promozione all\u2019estero e l\u2019internazionalizzazione delle imprese italiane<\/span><\/b><span data-contrast=\"auto\">, la manifestazione accoglier\u00e0 delegazioni di <\/span><b><span data-contrast=\"auto\">buyer da 11 Paesi<\/span><\/b><span data-contrast=\"auto\">, quali Algeria, Bosnia, Croazia, India, Messico, Polonia, Repubblica Ceca, Marocco, Turchia, Ungheria e Uzbekistan, creando nuove opportunit\u00e0 di business per gli espositori di espandere il proprio network attraverso un programma di matching, incontri d\u2019affari one to one e attivit\u00e0 di networking internazionale.<\/span><span data-ccp-props=\"{&quot;201341983&quot;:0,&quot;335551550&quot;:6,&quot;335551620&quot;:6,&quot;335559739&quot;:200,&quot;335559740&quot;:240}\">\u00a0<\/span><\/p>\n<p><span data-contrast=\"auto\">METEF 2025 rappresenta un&#8217;occasione unica per affrontare le sfide della transizione ecologica, promuovere l\u2019innovazione e costruire una filiera sempre pi\u00f9 sostenibile e competitiva.<\/span><\/p>\n<p><strong>La prossima edizione di METEF si terr\u00e0 dal 5 al 7 marzo 2025 in concomitanza con MECSPE.<\/strong><\/p>\n<p><strong>A proposito di METEF<\/strong><\/p>\n<p>La fiera METEF rappresenta da 25 anni in Italia l&#8217;unico punto di riferimento della filiera industriale dell\u2019alluminio: dai materiali grezzi, primari e provenienti dal riciclo, alle macchine, attrezzature, impianti di produzione e trasformazione, ai prodotti semilavorati, getti e prodotti finiti nei settori della pressocolata, fonderia a gravit\u00e0 e bassa pressione, estrusione, laminazione e stampaggio, fino alle lavorazioni meccaniche, assemblaggi, finiture e alle tecnologie per il riciclo.<\/p>\n<p><strong>METEF <\/strong>\u00e8 un appuntamento creato e modellato <strong>in stretta collaborazione con le imprese e gli addetti ai lavori <\/strong>e oggi, in un contesto globale di accesa competitivit\u00e0, si ripropone puntando sulla consolidata competenza ed esperienza del segmento industriale.<\/p>\n<p>Come di tradizione, \u00e8 rafforzato dall\u2019insostituibile supporto delle <strong>principali associazioni nazionali e internazionali <\/strong>di settore, per riportare al centro dell\u2019attenzione lo sviluppo dell\u2019industria attraverso uno straordinario patrimonio di cultura che deve misurarsi con <strong>le nuove frontiere della tecnologia e le nuove sfide dell\u2019innovazione sostenibile<\/strong>.<\/p>\n<p>METEF, la cui organizzazione \u00e8 affidata a Senaf, si terr\u00e0 in contemporanea a MECSPE, evento Senaf di riferimento per l\u2019industria manifatturiera in Italia. Le due manifestazioni saranno collocate in padiglioni distinti ma contigui per sviluppare sinergie e per il raggiungimento di comuni obiettivi. Alleanza forte tra due eventi ben conosciuti e consolidati nei rispettivi mercati di riferimento, complementarit\u00e0 e completezza della gamma prodotti offerti con l\u2019obiettivo di proporre al visitatore un\u2019esperienza completa e imperdibile.<\/p>\n<p>Per ulteriori informazioni visitare il sito <a href=\"http:\/\/www.metef.com\/it\">www.metef.com\/it<\/a>[\/vc_column_text][\/vc_column][\/vc_row][vc_row][vc_column][vc_separator color=&#8221;custom&#8221; accent_color=&#8221;#e30613&#8243;][vc_column_text]<strong>Per ulteriori informazioni<\/strong><\/p>\n<p><strong>Ufficio stampa<br \/>\n<\/strong><strong>MY PR &#8211; <\/strong><a href=\"http:\/\/www.mypr.it\/\">www.mypr.it<\/a><\/p>\n<p>Arianna Bonfioli \u2013 335 6111390 \u2013 <a href=\"mailto:fabio.micali@mypr.it\">arianna.bonfioli@mypr.it<\/a><br \/>\nGloria Risi \u2013 340 2513708 \u2013 <a href=\"mailto:gloria.risi@mypr.it\">gloria.risi@mypr.it<\/a>[\/vc_column_text][vc_separator color=&#8221;custom&#8221; accent_color=&#8221;#e30613&#8243;][\/vc_column][\/vc_row]\n","protected":false},"excerpt":{"rendered":"<p>Dal 5 al 7 marzo 2025, METEF torna a BolognaFiere, in contemporanea con MECSPE, un evento internazionale in Italia per la filiera dell&#8217;alluminio.<\/p>\n","protected":false},"author":12,"featured_media":5488,"comment_status":"closed","ping_status":"open","sticky":false,"template":"","format":"standard","meta":[],"categories":[12],"tags":[],"acf":[],"aioseo_notices":[],"_links":{"self":[{"href":"https:\/\/www.metef.com\/it\/wp-json\/wp\/v2\/posts\/5905"}],"collection":[{"href":"https:\/\/www.metef.com\/it\/wp-json\/wp\/v2\/posts"}],"about":[{"href":"https:\/\/www.metef.com\/it\/wp-json\/wp\/v2\/types\/post"}],"author":[{"embeddable":true,"href":"https:\/\/www.metef.com\/it\/wp-json\/wp\/v2\/users\/12"}],"replies":[{"embeddable":true,"href":"https:\/\/www.metef.com\/it\/wp-json\/wp\/v2\/comments?post=5905"}],"version-history":[{"count":1,"href":"https:\/\/www.metef.com\/it\/wp-json\/wp\/v2\/posts\/5905\/revisions"}],"predecessor-version":[{"id":5906,"href":"https:\/\/www.metef.com\/it\/wp-json\/wp\/v2\/posts\/5905\/revisions\/5906"}],"wp:featuredmedia":[{"embeddable":true,"href":"https:\/\/www.metef.com\/it\/wp-json\/wp\/v2\/media\/5488"}],"wp:attachment":[{"href":"https:\/\/www.metef.com\/it\/wp-json\/wp\/v2\/media?parent=5905"}],"wp:term":[{"taxonomy":"category","embeddable":true,"href":"https:\/\/www.metef.com\/it\/wp-json\/wp\/v2\/categories?post=5905"},{"taxonomy":"post_tag","embeddable":true,"href":"https:\/\/www.metef.com\/it\/wp-json\/wp\/v2\/tags?post=5905"}],"curies":[{"name":"wp","href":"https:\/\/api.w.org\/{rel}","templated":true}]}}