{"id":933,"date":"2022-02-14T14:22:25","date_gmt":"2022-02-14T14:22:25","guid":{"rendered":"https:\/\/www.metef.com\/?p=933"},"modified":"2022-02-14T14:33:25","modified_gmt":"2022-02-14T14:33:25","slug":"infinite-applicazioni-alluminio-nuove-sfide","status":"publish","type":"post","link":"https:\/\/www.metef.com\/it\/comunicati\/infinite-applicazioni-alluminio-nuove-sfide\/","title":{"rendered":"Le \u201cinfinite\u201d applicazioni dell\u2019alluminio: il fatturato globale dell\u2019intera filiera del settore supera in Italia i 40 miliardi di euro. Per cogliere le nuove sfide ritorna dal 9 all\u201911 giugno a BolognaFiere METEF, in contemporanea a MECSPE"},"content":{"rendered":"<h3><em>Sostenibilit\u00e0, economia circolare e innovazione tecnologica al centro della nuova edizione di METEF, l\u2019expo internazionale per l\u2019industria dell\u2019alluminio, della fonderia e dei metalli innovativi<\/em><\/h3>\n<hr \/>\n<p><em>Milano, 14 febbraio 2022<\/em> \u2013 Dall\u2019automotive all\u2019elettronica, dai trasporti alle lavorazioni meccaniche, sino alla filiera delle costruzioni, nel corso degli ultimi decenni l\u2019<strong>alluminio<\/strong> sta trovando sempre pi\u00f9 impiego nella vita di tutti i giorni e in campo industriale.<\/p>\n<p>Un settore dalle \u201cinfinite\u201d applicazioni finali, che nel 2021, solo per le prime produzioni e trasformazioni, vale in <strong>Italia<\/strong> un <strong>giro d\u2019affari pari a 12 miliardi di euro<\/strong> (+30% sul 2020), impiegando pi\u00f9 di <strong>15 mila persone<sup>1<\/sup><\/strong>, e che per l\u2019intera filiera, compresi gli impieghi finali, conta un fatturato di <strong>oltre 40 miliardi di euro<\/strong><sup>2<\/sup><strong>.<\/strong> Un settore che giocher\u00e0 un ruolo strategico nel perseguimento degli obiettivi internazionali di <strong>decarbonizzazione<\/strong> industriale. L\u2019alluminio, infatti, oltre a essere economico, leggero e flessibile, pu\u00f2 essere riciclato e reimpiegato indefinitamente nei processi produttivi, con straordinari effetti positivi in termini di <strong>economia circolare<\/strong> e di <strong>risparmio energetico. <\/strong>Ed \u00e8 proprio per cogliere le nuove sfide e le opportunit\u00e0 del settore che ritorna <strong>METEF<\/strong>, l\u2019expo internazionale per l\u2019industria dell\u2019alluminio, della fonderia e pressocolata, delle trasformazioni, lavorazioni, finiture ed usi finali, che si svolger\u00e0 a <strong>BolognaFiere dal 9 all\u201911 giugno 2022<\/strong>. La manifestazione, organizzata ora da <strong>Senaf<\/strong>, si terr\u00e0 in contemporanea a <strong>MECSPE<\/strong>, il pi\u00f9 importante appuntamento dedicato alle innovazioni per l\u2019industria manifatturiera.<\/p>\n<p>\u201c<em>METEF torna a mettere al centro il suo ruolo di propulsore nazionale e internazionale a sostegno delle PMI del comparto alluminio , che costituiscono circa il 95% della forza lavoro e oltre il 70% del fatturato dell&#8217;industria del settore nell&#8217;Unione Europea <\/em>\u2013 dichiara <strong>Mario Conserva, presidente di METEF<\/strong> \u2013<em> Da Bologna, la nuova edizione di METEF si proietter\u00e0 sullo scenario internazionale e avr\u00e0 il compito di unire tutti gli attori della filiera, nazionale e internazionale, per chiarire le priorit\u00e0 del settore. E lo far\u00e0 potendo contare sulla concomitanza con la principale fiera per l\u2019industria manifatturiera, MECSPE, da anni punto di riferimento per gli imprenditori che vogliono innovare i processi produttivi.\u201d<\/em><\/p>\n<p>&nbsp;<\/p>\n<p>Da 25 anni METEF mette in luce i principali sviluppi del settore del metallo leggero a livello internazionale, attraverso un fitto programma di convegni, eventi, iniziative speciali e attivit\u00e0 dimostrative.<\/p>\n<p>Come l\u2019<strong><em>Aluminium Extrusion Forum<\/em><\/strong>, il focus sull\u2019impiego degli estrusi di alluminio in diversi campi, dall\u2019edilizia, alla meccanica e ai trasporti.<\/p>\n<p>Del quadro attuale e delle prospettive della fonderia getti in alluminio si occuper\u00e0 invece il <strong><em>Convegno Fonderia Getti in Leghe Leggere<\/em><\/strong>, attraverso l\u2019analisi dei protagonisti del panorama industriale, universitario e istituzionale.<\/p>\n<p>Guardando agli impieghi finali, il comparto automotive \u00e8 di primaria importanza per l\u2019alluminio e sue leghe, il tema sar\u00e0 al centro del <strong><em>Convegno Alluminio e Auto<\/em><\/strong>, durante il quale verranno presentate le novit\u00e0 su materiali, tecnologie e applicazioni sullo sfondo delle problematiche relative all\u2019alleggerimento, alla reperibilit\u00e0 delle materie prime e alle disposizioni normative in merito.<\/p>\n<p>L\u2019alluminio \u00e8 considerato il \u201cmetallo del futuro\u201d in termini di flessibilit\u00e0 tecnologica, economia circolare ed ecosostenibilit\u00e0, tutti aspetti che saranno al centro del <strong><em>Convegno sull\u2019Alluminio Verde<\/em><\/strong>, un evento che approder\u00e0 a Bologna con la sua seconda tappa, durante la quale verranno illustrate le principali qualit\u00e0 dell\u2019alluminio ecosostenibile, di produzione primaria e secondaria.<\/p>\n<p>Per valorizzare infine l\u2019attivit\u00e0 dei protagonisti del settore, torna nel 2022 il <strong><em>Premio Innovazione<\/em><\/strong> <strong><em>METEF<\/em><\/strong>, un\u2019iniziativa di carattere <strong>internazionale<\/strong>, consolidata da oltre un decennio, che si propone di premiare le case history pi\u00f9 innovative candidate dalle aziende, relative all\u2019innovazione in impianti, tecnologie,<strong> prodotti<\/strong> ed applicazioni <strong>in alluminio<\/strong> e sue leghe. Il premio, che verr\u00e0 conferito ai vincitori <strong>il primo giorno di fiera<\/strong>, sar\u00e0 suddiviso in sei differenti categorie \u2013 materiali, macchine e impianti, tecnologie e processi, prodotti componenti e sistemi, applicazioni, varie \u2013 e sar\u00e0 conferito da una giuria di specialisti, che valuter\u00e0 le candidature in base al grado di originalit\u00e0 e ai vantaggi competitivi che le innovazioni proposte sono in grado di offrire, privilegiando gli aspetti di <strong>risparmio energetico<\/strong>, <strong>ecosostenibilit\u00e0<\/strong> e <strong>salvaguardia delle risorse<\/strong>. Un premio speciale sar\u00e0 inoltre assegnato <strong>ai progetti di decarbonizzazione del sistema azienda nel suo complesso.\u00a0 <\/strong><\/p>\n<p>&nbsp;<\/p>\n<p><em>\u201cMetef \u00e8 stata la prima manifestazione fieristica al mondo\u00a0che ha compreso le straordinarie capacit\u00e0 di sviluppo dell\u2019alluminio \u2013 <strong>dichiara Riccardo Ferrario, presidente di AMAFOND<\/strong> &#8211; non \u00e8 un caso che sia nata in Italia che \u00e8 da sempre in posizione di leader mondiale su materiali, tecnologie ed impieghi del metallo leggero e sue leghe. E\u2019 per questo motivo che come AMAFOND, l\u2019associazione italiana dei costruttori\u00a0di macchine, impianti, attrezzature e prodotti per la fonderia, da sempre, a partire dalla prima edizione della fiera nel 1997, abbiamo partecipato e supportato Metef in tutte le fasi di\u00a0crescita e sviluppo. A maggior ragione abbiamo dato il nostro\u00a0\u00a0 sostegno al prossimo\u00a0Metef\u00a02022 a Bologna, insieme a Mecspe. Il metallo leggero ha infatti acquisito una importanza eccezionale a livello mondiale\u00a0tra i materiali per ogni tipo di applicazione, sia per la sua ecosostenibilit\u00e0 che per la forte penetrazione in importantissimi segmenti di industria ed economia come l\u2019automotive, l\u2019edilizia, l\u2019imballaggio. L\u2019industria manufatturiera italiana, la seconda in Europa dopo la Germania, \u00e8 molto legata e dipendente dall\u2019alluminio, per questo appoggiamo una grande fiera internazionale sul settore come Metef.\u201d<\/em><\/p>\n<p>&nbsp;<\/p>\n<p>Oltre ad AMAFOND, come di consueto METEF 2022 sar\u00e0 supportato <strong>dalle principali associazioni di categoria nazionali<\/strong>, come <strong>AITAL<\/strong> (Associazione Italiana Trattamenti Superficiali Alluminio), <strong>ASSIRAL<\/strong> (Associazione Italiana Raffinatori Alluminio), <strong>ASSOFOND<\/strong> (Associazione Italiana Fonderie), <strong>ASSOMET<\/strong> (Associazione Nazionale Industrie Metalli non Ferrosi), <strong>AIM<\/strong> (Associazione Italiana di Metallurgia), <strong>ASSOFERMET<\/strong>, <strong>CENTROAL<\/strong> (Centro Italiano Alluminio), <strong>CIAL<\/strong> (Consorzio Nazionale Imballaggi Alluminio), e associazioni <strong>internazionali<\/strong> come <strong>ALFED<\/strong> (Aluminium Federation), <strong>Association Technique de Fonderie, CMF<\/strong> (Cast Metals Federation), <strong>Croatian Foundry Association, EA<\/strong> (European Aluminium Association), <strong>FACE<\/strong> (Federation of Aluminium Consumers in Europe), <strong>FESA<\/strong> (Foundry Equipment Suppliers Association), <strong>GAC<\/strong> (Gulf Aluminium Council), <strong>IAI<\/strong> (International Aluminium Institute), <strong>OEA<\/strong> (Organisation of European Aluminium Refiners and Remelters), <strong>RAA<\/strong> (Russian Aluminium Association), <strong>Slovenian Foundrymen Society, STOP<\/strong> (Polish Foundrymen\u2019s Association), <strong>TALSAD<\/strong> (Turkish Aluminium Industrialist Association), <strong>WFO<\/strong> (World Foundry Organization).<\/p>\n<p>&nbsp;<\/p>\n<p><strong>A proposito di METEF<\/strong><\/p>\n<p>METEF, l\u2019expo internazionale per l\u2019alluminio, la fonderia metalli e le tecnologie dei materiali innovativi, lanciata per la prima volta in Italia nel 1997 da Alfin-Edimet, \u00e8 oggi nel portafoglio in joint venture paritaria di Veronafiere e BolognaFiere, si pone come un evento di punta del segmento metallurgico internazionale, attualizzato nella concezione, struttura e location. METEF, la cui organizzazione \u00e8 affidata a Senaf, si terr\u00e0 in contemporanea a MECSPE, evento di riferimento per l\u2019industria manifatturiera in Italia. Le novit\u00e0 organizzative e strutturali del nuovo METEF puntano a valorizzare, nel mercato globale, un comparto di straordinaria rilevanza sociale ed economica come quello della metallurgia e del manifatturiero avanzato del metallo leggero, un segmento che \u00e8 in grande sviluppo e che gi\u00e0 vale nel nostro paese, un fatturato per l\u2019intera filiera di oltre 40 miliardi di euro.<\/p>\n<p>&nbsp;<\/p>\n<hr \/>\n<p>&nbsp;<\/p>\n<p><strong>Per ulteriori informazioni<\/strong><\/p>\n<p><strong>Ufficio stampa<\/strong><\/p>\n<p><strong>MY PR \u2013\u00a0<\/strong><a href=\"http:\/\/www.mypr.it\/\">www.mypr.it<\/a><\/p>\n<p>Roberto Grattagliano \u2013 cell 338 9291793 e-mail\u00a0<a href=\"mailto:roberto.grattagliano@mypr.it\">roberto.grattagliano@mypr.it<\/a><\/p>\n<p>Caterina Conserva \u2013 cell 3401409543 e-mail\u00a0<a href=\"mailto:caterina.conserva@mypr.it\">caterina.conserva@mypr.it<\/a><\/p>\n<p>Giulia Pellecchia \u2013 cell 3738216219 e-mail\u00a0<a href=\"mailto:giulia.pellecchia@mypr.it\">giulia.pellecchia@mypr.it<\/a><\/p>\n","protected":false},"excerpt":{"rendered":"<p>Sostenibilit\u00e0, economia circolare e innovazione tecnologica al centro della nuova edizione di METEF, l\u2019expo internazionale per l\u2019industria dell\u2019alluminio, della fonderia e dei metalli innovativi Milano, 14 febbraio 2022 \u2013 Dall\u2019automotive all\u2019elettronica, dai trasporti alle lavorazioni meccaniche, sino alla filiera delle costruzioni, nel corso degli ultimi decenni l\u2019alluminio sta trovando sempre pi\u00f9 impiego nella vita di [&hellip;]<\/p>\n","protected":false},"author":12,"featured_media":935,"comment_status":"closed","ping_status":"open","sticky":false,"template":"","format":"standard","meta":[],"categories":[12],"tags":[],"acf":[],"aioseo_notices":[],"_links":{"self":[{"href":"https:\/\/www.metef.com\/it\/wp-json\/wp\/v2\/posts\/933"}],"collection":[{"href":"https:\/\/www.metef.com\/it\/wp-json\/wp\/v2\/posts"}],"about":[{"href":"https:\/\/www.metef.com\/it\/wp-json\/wp\/v2\/types\/post"}],"author":[{"embeddable":true,"href":"https:\/\/www.metef.com\/it\/wp-json\/wp\/v2\/users\/12"}],"replies":[{"embeddable":true,"href":"https:\/\/www.metef.com\/it\/wp-json\/wp\/v2\/comments?post=933"}],"version-history":[{"count":1,"href":"https:\/\/www.metef.com\/it\/wp-json\/wp\/v2\/posts\/933\/revisions"}],"predecessor-version":[{"id":934,"href":"https:\/\/www.metef.com\/it\/wp-json\/wp\/v2\/posts\/933\/revisions\/934"}],"wp:featuredmedia":[{"embeddable":true,"href":"https:\/\/www.metef.com\/it\/wp-json\/wp\/v2\/media\/935"}],"wp:attachment":[{"href":"https:\/\/www.metef.com\/it\/wp-json\/wp\/v2\/media?parent=933"}],"wp:term":[{"taxonomy":"category","embeddable":true,"href":"https:\/\/www.metef.com\/it\/wp-json\/wp\/v2\/categories?post=933"},{"taxonomy":"post_tag","embeddable":true,"href":"https:\/\/www.metef.com\/it\/wp-json\/wp\/v2\/tags?post=933"}],"curies":[{"name":"wp","href":"https:\/\/api.w.org\/{rel}","templated":true}]}}